{"id":108249,"date":"2019-09-21T19:40:48","date_gmt":"2019-09-21T17:40:48","guid":{"rendered":"https:\/\/zjarr.tv\/?p=108249"},"modified":"2019-09-21T17:18:41","modified_gmt":"2019-09-21T15:18:41","slug":"mattarella-be-ja-te-trajtoje-ceshtjen-e-riatdhesimit-te-azilkerkuesve","status":"publish","type":"post","link":"https:\/\/zjarr.tv\/en\/mattarella-be-ja-te-trajtoje-ceshtjen-e-riatdhesimit-te-azilkerkuesve\/","title":{"rendered":"Mattarella: BE-ja t\u00eb trajtoj\u00eb \u00e7\u00ebshtjen e riatdhesimit t\u00eb azilk\u00ebrkuesve"},"content":{"rendered":"<p>Presidenti Italian, Sergio Mattarella ka theksuar nevoj\u00ebn p\u00ebr ndarjen e p\u00ebrgjegj\u00ebsis\u00eb p\u00ebr t\u00eb menaxhuar fluksin e migrant\u00ebve, duke argumentuar se BE-ja duhet t\u00eb trajtoj\u00eb \u00e7\u00ebshtjen e riatdhesimit t\u00eb azilk\u00ebrkuesve, k\u00ebrkesat e t\u00eb cil\u00ebve jan\u00eb refuzuar pas takimit t\u00eb tij t\u00eb m\u00ebrkur\u00ebn me homologun e tij gjerman, Frank-Walter Steinmeier.<\/p>\n<div id=\"pa_1x1_psbk_1569079095891\"><\/div>\n<p>\u201cNe mendojm\u00eb se \u00ebsht\u00eb e nevojshme q\u00eb vendet t\u00eb ndiejn\u00eb p\u00ebrgjegj\u00ebsin\u00eb p\u00ebr t\u00eb aktivizuar mekanizmat e p\u00ebrbashk\u00ebta t\u00eb rishp\u00ebrndarjes dhe q\u00eb Bashkimi Europian duhet t\u00eb marr\u00eb p\u00ebrsip\u00ebr detyr\u00ebn e riatdhesimeve\u2026p\u00ebr ata q\u00eb nuk kan\u00eb t\u00eb drejt\u00eb t\u00eb q\u00ebndrojn\u00eb n\u00eb BE\u201d, deklaroi Mattarella.<\/p>\n<p>\u201cTensionet e tregtis\u00eb dhe k\u00ebrc\u00ebnimi i luft\u00ebrave tregtare krijojn\u00eb rrethana ve\u00e7an\u00ebrisht t\u00eb komplikuara, k\u00ebshtu q\u00eb \u00ebsht\u00eb e nevojshme q\u00eb t\u00eb merren masa q\u00eb stimulojn\u00eb tregjet e brendshme dhe t\u00eb zhvillohen investime p\u00ebr t\u00eb ruajtur ekuilibrin e ekonomive t\u00eb vendeve\u201d, deklaroi presidenti italian Mattarella lidhur me situat\u00ebn ekonomike.<\/p>","protected":false},"excerpt":{"rendered":"<p>Presidenti Italian, Sergio Mattarella ka theksuar nevoj\u00ebn p\u00ebr ndarjen e p\u00ebrgjegj\u00ebsis\u00eb p\u00ebr t\u00eb menaxhuar fluksin e migrant\u00ebve, duke argumentuar se BE-ja duhet t\u00eb trajtoj\u00eb \u00e7\u00ebshtjen e riatdhesimit t\u00eb azilk\u00ebrkuesve, k\u00ebrkesat e t\u00eb cil\u00ebve jan\u00eb refuzuar pas takimit t\u00eb tij t\u00eb m\u00ebrkur\u00ebn me homologun e tij gjerman, Frank-Walter Steinmeier. \u201cNe mendojm\u00eb se \u00ebsht\u00eb e nevojshme q\u00eb [&hellip;]<\/p>\n","protected":false},"author":2013,"featured_media":108250,"comment_status":"open","ping_status":"closed","sticky":false,"template":"","format":"standard","meta":{"footnotes":""},"categories":[241,191],"tags":[],"class_list":{"0":"post-108249","1":"post","2":"type-post","3":"status-publish","4":"format-standard","5":"has-post-thumbnail","7":"category-aktualitet","8":"category-bota"},"_links":{"self":[{"href":"https:\/\/zjarr.tv\/en\/wp-json\/wp\/v2\/posts\/108249","targetHints":{"allow":["GET"]}}],"collection":[{"href":"https:\/\/zjarr.tv\/en\/wp-json\/wp\/v2\/posts"}],"about":[{"href":"https:\/\/zjarr.tv\/en\/wp-json\/wp\/v2\/types\/post"}],"author":[{"embeddable":true,"href":"https:\/\/zjarr.tv\/en\/wp-json\/wp\/v2\/users\/2013"}],"replies":[{"embeddable":true,"href":"https:\/\/zjarr.tv\/en\/wp-json\/wp\/v2\/comments?post=108249"}],"version-history":[{"count":0,"href":"https:\/\/zjarr.tv\/en\/wp-json\/wp\/v2\/posts\/108249\/revisions"}],"wp:featuredmedia":[{"embeddable":true,"href":"https:\/\/zjarr.tv\/en\/wp-json\/wp\/v2\/media\/108250"}],"wp:attachment":[{"href":"https:\/\/zjarr.tv\/en\/wp-json\/wp\/v2\/media?parent=108249"}],"wp:term":[{"taxonomy":"category","embeddable":true,"href":"https:\/\/zjarr.tv\/en\/wp-json\/wp\/v2\/categories?post=108249"},{"taxonomy":"post_tag","embeddable":true,"href":"https:\/\/zjarr.tv\/en\/wp-json\/wp\/v2\/tags?post=108249"}],"curies":[{"name":"wp","href":"https:\/\/api.w.org\/{rel}","templated":true}]}}