{"id":108267,"date":"2019-09-21T20:40:52","date_gmt":"2019-09-21T18:40:52","guid":{"rendered":"https:\/\/zjarr.tv\/?p=108267"},"modified":"2019-09-21T18:13:35","modified_gmt":"2019-09-21T16:13:35","slug":"zbulohet-misteri-pse-semuren-diplomatet-ne-kube-shurdhohen-keputen-vjellin","status":"publish","type":"post","link":"https:\/\/zjarr.tv\/en\/zbulohet-misteri-pse-semuren-diplomatet-ne-kube-shurdhohen-keputen-vjellin\/","title":{"rendered":"Zbulohet misteri pse s\u00ebmuren diplomat\u00ebt n\u00eb Kub\u00eb: shurdhohen, k\u00ebputen, vjellin&#8230;"},"content":{"rendered":"<p>Humbje e d\u00ebgjimit, marrje mendsh, vjellje &#8211; q\u00eb prej gati tre vjet\u00ebsh nuk gjendej shkaku p\u00ebr ankesat misterioze t\u00eb personelit t\u00eb ambasad\u00ebs n\u00eb Kub\u00eb. U fol p\u00ebr sulme me tinguj. Tani shkenc\u00ebtar\u00ebt duket se e gjet\u00ebn shkakun.<\/p>\n<p><strong>Nga Deutsche Welle<\/strong><\/p>\n<p>Ankesat e \u00e7uditshme p\u00ebr sh\u00ebndetin nga diplomat\u00ebt e Kanadas\u00eb dhe t\u00eb SHBA n\u00eb Kub\u00eb ndoshta e kan\u00eb burimin te pesticidet e p\u00ebrdorura p\u00ebr luftimin e insekteve. Ky \u00ebsht\u00eb rezultat i nj\u00eb studimi t\u00eb Universitetit Dalhousie me porosi t\u00eb Ministris\u00eb s\u00eb Jashtme Kanadeze, t\u00eb cil\u00ebn e publikoi Stacioni Radio-Kanada.<\/p>\n<div id=\"rekl-13\">\n<div id=\"__sap-ad-15\" class=\"__sap-ads __sap-html tracked\" data-title=\"Credins desktop 08\"><\/div>\n<\/div>\n<p>Q\u00eb nga viti 2016, Kuba veproi nd\u00ebrmori hapa t\u00eb vendosur kund\u00ebr mushkonjave, q\u00eb mbartnin virusin Zika. Nd\u00ebr t\u00eb tjera, mjetet kund\u00ebr mushkonjave u p\u00ebrdor\u00ebn edhe n\u00eb zyrat dhe ambientet e banimit t\u00eb diplomat\u00ebve.<\/p>\n<p>Dhjet\u00ebra diplomat\u00eb q\u00eb jetojn\u00eb n\u00eb kryeqytetin e Kub\u00ebs, Havan\u00eb, dhe t\u00eb af\u00ebrmit e tyre ishin ankuar q\u00eb nga viti 2016 p\u00ebr dhimbje koke, p\u00ebrgjumje, probleme me d\u00ebgjimin dhe shikimin, marrje mendsh dhe t\u00eb vjella si dhe p\u00ebr \u00e7rregullime t\u00eb gjumit. Kombinimi i simptomave u b\u00eb i njohur me emrin &#8220;sindroma Havana&#8221;.<\/p>\n<p>&#8220;Mushkonja tig\u00ebr egjiptiane&#8221; transmeton virusin Zika<\/p>\n<p>Ekspert\u00ebt fillimisht pas ankesave dyshuan p\u00ebr &#8220;sulme akustike&#8221; t\u00eb mundshme. Qeveria e Otav\u00ebs m\u00eb von\u00eb e kategorizoi p\u00ebrdorimin e nj\u00eb arme akustike si &#8220;pa gjasa&#8221;. Kanadaja dhe SHBA e reduktuan personelin e tyre t\u00eb ambasadave n\u00eb Kub\u00eb. Havana reagoi me moskuptim.<\/p>\n<p>Tani shkenc\u00ebtar\u00ebt dyshojn\u00eb, se helme nervore nga mjetet p\u00ebr asgj\u00ebsimin e insekteve mund t\u00eb jen\u00eb p\u00ebrgjegj\u00ebs p\u00ebr simptomat. Nj\u00ebri nga autor\u00ebt e studimit, Alon Friedman, i konfirmoi agjencis\u00eb s\u00eb lajmeve Reuters se fondet u p\u00ebrdor\u00ebn sipas udh\u00ebzimeve si t\u00eb autoriteteve kubane, ashtu edhe t\u00eb atyre kanadeze. P\u00ebr SHBA ai nuk b\u00ebri asnj\u00eb deklarat\u00eb.<\/p>\n<p>N\u00eb studimin q\u00eb u publikua tani, u mor\u00ebn n\u00eb pyetje 26 pjes\u00ebmarr\u00ebs, p\u00ebrfshir\u00eb nj\u00eb grup kontrolli njer\u00ebzish q\u00eb nuk kishte jetuar kurr\u00eb n\u00eb Kub\u00eb. Nga t\u00eb gjitha subjektet u mor gjak dhe u b\u00ebn\u00eb skanime me aparate t\u00eb rezonanc\u00ebs magnetike. U vizitua edhe nj\u00eb qen, t\u00eb cilin e pat\u00ebn mbajtur si kafsh\u00eb sht\u00ebpiake.<\/p>\n<div class=\"fotogaleri\">\n<div class=\"bx-wrapper\">\n<div class=\"bx-viewport\">\n<ul class=\"read-slider\">\n<li><a href=\"https:\/\/www.syri.net\/uploads\/syri.net\/images\/2019\/September\/21\/47302758_4031569051015.jpg\" data-lightbox=\"images\"><img decoding=\"async\" src=\"https:\/\/www.syri.net\/uploads\/syri.net\/images\/2019\/September\/21\/auto_47302758_4031569051015.jpg\" \/><i class=\"fa fa-search-plus syri_zoom\" aria-hidden=\"true\"><\/i><\/a><\/li>\n<\/ul>\n<\/div>\n<div class=\"bx-controls bx-has-pager bx-has-controls-direction\">\n<div class=\"bx-pager bx-default-pager\">1 \/ 1<\/div>\n<div class=\"bx-controls-direction\"><\/div>\n<\/div>\n<\/div>\n<\/div>\n<p>Edhe n\u00eb ambasad\u00ebn e Kanadas\u00eb u reduktua personeli<\/p>\n<p>Studiuesit tani duan t\u00eb bashk\u00ebpunojn\u00eb me autoritetet n\u00eb Kub\u00eb p\u00ebr t\u00eb zbuluar n\u00ebse ka pasur raste t\u00eb ngjashme t\u00eb s\u00ebmundjes n\u00eb popullat\u00ebn vendase. Prej vitit 2015, vet\u00ebm n\u00eb Brazil mendohet se jan\u00eb infektuar me virusin Zika m\u00eb shum\u00eb se nj\u00eb milion vet\u00eb. Infektimi mund t\u00eb \u00e7oj\u00eb n\u00eb deformime t\u00eb kafk\u00ebs tek foshnjet q\u00eb lindin. S\u00ebmundja transmetohet nga mushkonja e ethes s\u00eb verdh\u00eb (Aedes aegypti).<\/p>\n<p>SHBA d\u00ebbojn\u00eb diplomat\u00eb kuban\u00eb<\/p>\n<p>Nd\u00ebrkoh\u00eb, pavar\u00ebsisht njoftimit p\u00ebr shkakun e mundsh\u00ebm t\u00eb ankesave, qeveria amerikane u ka k\u00ebrkuar dy diplomat\u00ebve kuban\u00eb q\u00eb t\u00eb largohen menj\u00ebher\u00eb nga Shtetet e Bashkuara. Diplomat\u00ebt q\u00eb punojn\u00eb p\u00ebr Misionin Kuban n\u00eb Kombet e Bashkuara (OKB) n\u00eb New York kan\u00eb kryer &#8220;akte q\u00eb d\u00ebmtojn\u00eb sigurin\u00eb komb\u00ebtare t\u00eb Shteteve t\u00eb Bashkuara t\u00eb Amerik\u00ebs&#8221;, tha z\u00ebdh\u00ebn\u00ebsja e Ministris\u00eb s\u00eb Jashtme Morgan Ortagus. Ministria po verifikon edhe n\u00ebse p\u00ebrfaq\u00ebsuesit e tjer\u00eb kan\u00eb abuzuar me &#8220;privilegjet e tyre t\u00eb q\u00ebndrimit&#8221; n\u00eb SHBA.<\/p>\n<p>Q\u00eb prej tani, t\u00eb gjith\u00eb an\u00ebtar\u00ebt e Misionit Kuban n\u00eb OKB, me udh\u00ebzim t\u00eb Ministris\u00eb s\u00eb Jashtme t\u00eb SHBA lejohen t\u00eb q\u00ebndrojn\u00eb n\u00eb lagjen e Nju Jorkut Manhattan, ku ndodhet selia e OKB-s\u00eb.<\/p>","protected":false},"excerpt":{"rendered":"<p>Humbje e d\u00ebgjimit, marrje mendsh, vjellje &#8211; q\u00eb prej gati tre vjet\u00ebsh nuk gjendej shkaku p\u00ebr ankesat misterioze t\u00eb personelit t\u00eb ambasad\u00ebs n\u00eb Kub\u00eb. U fol p\u00ebr sulme me tinguj. Tani shkenc\u00ebtar\u00ebt duket se e gjet\u00ebn shkakun. Nga Deutsche Welle Ankesat e \u00e7uditshme p\u00ebr sh\u00ebndetin nga diplomat\u00ebt e Kanadas\u00eb dhe t\u00eb SHBA n\u00eb Kub\u00eb ndoshta [&hellip;]<\/p>\n","protected":false},"author":2013,"featured_media":108268,"comment_status":"open","ping_status":"closed","sticky":false,"template":"","format":"standard","meta":{"footnotes":""},"categories":[241,191],"tags":[],"class_list":{"0":"post-108267","1":"post","2":"type-post","3":"status-publish","4":"format-standard","5":"has-post-thumbnail","7":"category-aktualitet","8":"category-bota"},"_links":{"self":[{"href":"https:\/\/zjarr.tv\/en\/wp-json\/wp\/v2\/posts\/108267","targetHints":{"allow":["GET"]}}],"collection":[{"href":"https:\/\/zjarr.tv\/en\/wp-json\/wp\/v2\/posts"}],"about":[{"href":"https:\/\/zjarr.tv\/en\/wp-json\/wp\/v2\/types\/post"}],"author":[{"embeddable":true,"href":"https:\/\/zjarr.tv\/en\/wp-json\/wp\/v2\/users\/2013"}],"replies":[{"embeddable":true,"href":"https:\/\/zjarr.tv\/en\/wp-json\/wp\/v2\/comments?post=108267"}],"version-history":[{"count":0,"href":"https:\/\/zjarr.tv\/en\/wp-json\/wp\/v2\/posts\/108267\/revisions"}],"wp:featuredmedia":[{"embeddable":true,"href":"https:\/\/zjarr.tv\/en\/wp-json\/wp\/v2\/media\/108268"}],"wp:attachment":[{"href":"https:\/\/zjarr.tv\/en\/wp-json\/wp\/v2\/media?parent=108267"}],"wp:term":[{"taxonomy":"category","embeddable":true,"href":"https:\/\/zjarr.tv\/en\/wp-json\/wp\/v2\/categories?post=108267"},{"taxonomy":"post_tag","embeddable":true,"href":"https:\/\/zjarr.tv\/en\/wp-json\/wp\/v2\/tags?post=108267"}],"curies":[{"name":"wp","href":"https:\/\/api.w.org\/{rel}","templated":true}]}}