{"id":108276,"date":"2019-09-21T21:10:39","date_gmt":"2019-09-21T19:10:39","guid":{"rendered":"https:\/\/zjarr.tv\/?p=108276"},"modified":"2019-09-21T18:16:15","modified_gmt":"2019-09-21T16:16:15","slug":"trump-pret-zuckerberg-ne-dhomen-ovale","status":"publish","type":"post","link":"https:\/\/zjarr.tv\/en\/trump-pret-zuckerberg-ne-dhomen-ovale\/","title":{"rendered":"Trump pret Zuckerberg n\u00eb dhom\u00ebn ovale"},"content":{"rendered":"<p>Presidenti amerikan, Donald Trump dhe kreu i Facebook-ut, Mark Zuckerberg, kan\u00eb zhvilluar nj\u00eb takim n\u00eb Sht\u00ebpin\u00eb e Bardh\u00eb.<\/p>\n<p>Trump n\u00eb rrjetet sociale shkroi se kan\u00eb pasur nj\u00eb takim t\u00eb k\u00ebndsh\u00ebm me Mark Zuckerberg-un e Facebook. .<\/p>\n<p>Facebook b\u00ebri t\u00eb ditur se Zuckerberg ka qen\u00eb n\u00eb Washington p\u00ebr t\u00eb d\u00ebgjuar shqet\u00ebsimet e politikan\u00ebve p\u00ebr shkak t\u00eb ndryshimeve t\u00eb ardhme n\u00eb internet.<\/p>\n<div id=\"rekl-13\">\n<div id=\"__sap-ad-15\" class=\"__sap-ads __sap-html tracked\" data-title=\"Credins desktop 08\"><ins><\/p>\n<div id=\"beacon_58ebcc0328\"><img loading=\"lazy\" decoding=\"async\" src=\"https:\/\/ads1.medium.al\/www\/delivery\/lg.php?bannerid=373&amp;campaignid=48&amp;zoneid=182&amp;loc=https%3A%2F%2Fwww.syri.net%2Fbote%2F281843%2Ftrump-pret-zuckerberg-ne-dhomen-ovale%2F&amp;referer=https%3A%2F%2Fwww.syri.net%2Fbote%2F&amp;cb=58ebcc0328\" alt=\"\" width=\"0\" height=\"0\" \/><\/div>\n<p><\/ins><\/div>\n<\/div>\n<p>Presidenti Trump shpesh her\u00eb kritikon Facebook-un dhe platformat e tjera t\u00eb mediave sociale, p\u00ebr shkak t\u00eb paragjykimeve rreth politik\u00ebs s\u00eb tij, por mesa duket ata i kan\u00eb sqaruar k\u00ebto mosmarr\u00ebveshje.<\/p>","protected":false},"excerpt":{"rendered":"<p>Presidenti amerikan, Donald Trump dhe kreu i Facebook-ut, Mark Zuckerberg, kan\u00eb zhvilluar nj\u00eb takim n\u00eb Sht\u00ebpin\u00eb e Bardh\u00eb. Trump n\u00eb rrjetet sociale shkroi se kan\u00eb pasur nj\u00eb takim t\u00eb k\u00ebndsh\u00ebm me Mark Zuckerberg-un e Facebook. . Facebook b\u00ebri t\u00eb ditur se Zuckerberg ka qen\u00eb n\u00eb Washington p\u00ebr t\u00eb d\u00ebgjuar shqet\u00ebsimet e politikan\u00ebve p\u00ebr shkak t\u00eb [&hellip;]<\/p>\n","protected":false},"author":2013,"featured_media":108277,"comment_status":"open","ping_status":"closed","sticky":false,"template":"","format":"standard","meta":{"footnotes":""},"categories":[241,191],"tags":[],"class_list":{"0":"post-108276","1":"post","2":"type-post","3":"status-publish","4":"format-standard","5":"has-post-thumbnail","7":"category-aktualitet","8":"category-bota"},"_links":{"self":[{"href":"https:\/\/zjarr.tv\/en\/wp-json\/wp\/v2\/posts\/108276","targetHints":{"allow":["GET"]}}],"collection":[{"href":"https:\/\/zjarr.tv\/en\/wp-json\/wp\/v2\/posts"}],"about":[{"href":"https:\/\/zjarr.tv\/en\/wp-json\/wp\/v2\/types\/post"}],"author":[{"embeddable":true,"href":"https:\/\/zjarr.tv\/en\/wp-json\/wp\/v2\/users\/2013"}],"replies":[{"embeddable":true,"href":"https:\/\/zjarr.tv\/en\/wp-json\/wp\/v2\/comments?post=108276"}],"version-history":[{"count":0,"href":"https:\/\/zjarr.tv\/en\/wp-json\/wp\/v2\/posts\/108276\/revisions"}],"wp:featuredmedia":[{"embeddable":true,"href":"https:\/\/zjarr.tv\/en\/wp-json\/wp\/v2\/media\/108277"}],"wp:attachment":[{"href":"https:\/\/zjarr.tv\/en\/wp-json\/wp\/v2\/media?parent=108276"}],"wp:term":[{"taxonomy":"category","embeddable":true,"href":"https:\/\/zjarr.tv\/en\/wp-json\/wp\/v2\/categories?post=108276"},{"taxonomy":"post_tag","embeddable":true,"href":"https:\/\/zjarr.tv\/en\/wp-json\/wp\/v2\/tags?post=108276"}],"curies":[{"name":"wp","href":"https:\/\/api.w.org\/{rel}","templated":true}]}}