{"id":108290,"date":"2019-09-21T21:50:01","date_gmt":"2019-09-21T19:50:01","guid":{"rendered":"https:\/\/zjarr.tv\/?p=108290"},"modified":"2019-09-21T18:20:30","modified_gmt":"2019-09-21T16:20:30","slug":"foto-selfia-me-mbappe-kushton-sa-qimet-e-kokes","status":"publish","type":"post","link":"https:\/\/zjarr.tv\/en\/foto-selfia-me-mbappe-kushton-sa-qimet-e-kokes\/","title":{"rendered":"Foto\/ Selfia me Mbappe kushton &#8220;sa qimet e kok\u00ebs&#8221;"},"content":{"rendered":"<p>Hyrja n\u00eb stadium \u00ebsht\u00eb e ndaluar n\u00eb shum\u00eb kampionate. S\u00eb fundmi, nj\u00eb diskutim i till\u00eb \u00ebsht\u00eb propozuar p\u00ebr tu realizuar edhe n\u00eb futbollin shqiptar, me kryeministrin Edi Rama q\u00eb k\u00ebrkoi t\u00eb pakt\u00ebn 3 vite burg p\u00ebr \u00e7do tifoz q\u00eb kalon vijat kufizuese t\u00eb fush\u00ebs.<\/p>\n<p>Por nj\u00eb gj\u00eb e till\u00eb nuk ka ndodhur. Gjithsesi, n\u00eb Franc\u00eb, hyrja n\u00eb fush\u00eb i ka kushtuar nj\u00eb tifozi plot 6 muaj pezullim nga stadiumi si dhe 1.500 euro gjob\u00eb. Tifozi nd\u00ebrpreu p\u00ebr disa momente takimin mes Toulouse dhe Paris Saint Germain, teksa hyri n\u00eb fush\u00eb p\u00ebr t\u00eb marr\u00eb kujtim nj\u00eb selfie me kampionin e bot\u00ebs, Kylian Mbappe.<\/p>\n<p>Megjithat\u00eb, p\u00ebrpos fotos me sulmuesin e PSG-s\u00eb, tifozi do t\u00eb vuaj d\u00ebnimin me 6 muaj si dhe 1.500 euro gjob\u00eb. Nj\u00eb shif\u00ebr e konsiderueshme, por e pap\u00ebrfillshme nga ato q\u00eb vendosen zakonisht. Hyrja n\u00eb stadiumet franceze mund t\u00eb d\u00ebnohet me burg ose gjob\u00eb, t\u00eb cilat variojn\u00eb nga 500 euro deri n\u00eb 15 mij\u00eb euro.<\/p>\n<p><img decoding=\"async\" class=\"fr-fic fr-dib\" src=\"http:\/\/www.oranews.tv\/storage\/app\/media\/home\/ora\/public_html\/storage\/app\/media\/2019\/09\/21\/tifozi.jpg\" data-result=\"success\" \/><\/p>","protected":false},"excerpt":{"rendered":"<p>Hyrja n\u00eb stadium \u00ebsht\u00eb e ndaluar n\u00eb shum\u00eb kampionate. S\u00eb fundmi, nj\u00eb diskutim i till\u00eb \u00ebsht\u00eb propozuar p\u00ebr tu realizuar edhe n\u00eb futbollin shqiptar, me kryeministrin Edi Rama q\u00eb k\u00ebrkoi t\u00eb pakt\u00ebn 3 vite burg p\u00ebr \u00e7do tifoz q\u00eb kalon vijat kufizuese t\u00eb fush\u00ebs. Por nj\u00eb gj\u00eb e till\u00eb nuk ka ndodhur. Gjithsesi, n\u00eb Franc\u00eb, [&hellip;]<\/p>\n","protected":false},"author":2013,"featured_media":108291,"comment_status":"open","ping_status":"closed","sticky":false,"template":"","format":"standard","meta":{"footnotes":""},"categories":[241,192],"tags":[],"class_list":{"0":"post-108290","1":"post","2":"type-post","3":"status-publish","4":"format-standard","5":"has-post-thumbnail","7":"category-aktualitet","8":"category-sport"},"_links":{"self":[{"href":"https:\/\/zjarr.tv\/en\/wp-json\/wp\/v2\/posts\/108290","targetHints":{"allow":["GET"]}}],"collection":[{"href":"https:\/\/zjarr.tv\/en\/wp-json\/wp\/v2\/posts"}],"about":[{"href":"https:\/\/zjarr.tv\/en\/wp-json\/wp\/v2\/types\/post"}],"author":[{"embeddable":true,"href":"https:\/\/zjarr.tv\/en\/wp-json\/wp\/v2\/users\/2013"}],"replies":[{"embeddable":true,"href":"https:\/\/zjarr.tv\/en\/wp-json\/wp\/v2\/comments?post=108290"}],"version-history":[{"count":0,"href":"https:\/\/zjarr.tv\/en\/wp-json\/wp\/v2\/posts\/108290\/revisions"}],"wp:featuredmedia":[{"embeddable":true,"href":"https:\/\/zjarr.tv\/en\/wp-json\/wp\/v2\/media\/108291"}],"wp:attachment":[{"href":"https:\/\/zjarr.tv\/en\/wp-json\/wp\/v2\/media?parent=108290"}],"wp:term":[{"taxonomy":"category","embeddable":true,"href":"https:\/\/zjarr.tv\/en\/wp-json\/wp\/v2\/categories?post=108290"},{"taxonomy":"post_tag","embeddable":true,"href":"https:\/\/zjarr.tv\/en\/wp-json\/wp\/v2\/tags?post=108290"}],"curies":[{"name":"wp","href":"https:\/\/api.w.org\/{rel}","templated":true}]}}