{"id":108293,"date":"2019-09-21T22:00:42","date_gmt":"2019-09-21T20:00:42","guid":{"rendered":"https:\/\/zjarr.tv\/?p=108293"},"modified":"2019-09-21T18:21:22","modified_gmt":"2019-09-21T16:21:22","slug":"uefa-merr-masa-drastike-denon-rebic","status":"publish","type":"post","link":"https:\/\/zjarr.tv\/en\/uefa-merr-masa-drastike-denon-rebic\/","title":{"rendered":"UEFA merr masa drastike, d\u00ebnon Rebic"},"content":{"rendered":"<p>E mori p\u00ebr t\u00eb b\u00ebr\u00eb diferenc\u00ebn n\u00eb sulm, por Ante Rebic duket se ka sjell\u00eb d\u00ebme te Milani.<\/p>\n<p>Sulmuesi kroat, i cili u transferua gjat\u00eb k\u00ebsaj merkato vere te klubi kuqezi \u00ebsht\u00eb d\u00ebnuar me 5 ndeshje pezullim nga Kupat e Europ\u00ebs. Vendimi \u00ebsht\u00eb marr\u00eb nga Komisioni i Disiplin\u00ebs n\u00eb UEFA, q\u00eb e ndalon Rebic t\u00eb shkel\u00eb fush\u00ebn e blert\u00eb n\u00eb Kompeticionet Europiane n\u00eb 5 takimet e radh\u00ebs.<\/p>\n<p>Shkak \u00ebsht\u00eb b\u00ebr\u00eb veprimi ndaj gjyqtarit t\u00eb takimit mes Eintracht Frankfurt dhe Strasburgut m\u00eb 29 gusht t\u00eb k\u00ebtij viti. Si\u00e7 m\u00ebsohet nga pamjet e fokusuara nga kamerat, Rebic ka ofenduar r\u00ebnd\u00eb gjyqtarin.<\/p>\n<p><em>&#8220;Ante Rebic \u00ebsht\u00eb pezulluar p\u00ebr pes\u00eb ndeshje n\u00eb Kupat e UEFA-s, p\u00ebr loj\u00eb t\u00eb ashp\u00ebr dhe fyerje p\u00ebr nj\u00eb zyrtar t\u00eb ndeshjes<\/em>&#8220;, thuhet n\u00eb njoftimin e UEFA-s.<\/p>\n<p>Episodi ndodhi n\u00eb faz\u00ebn play-off t\u00eb Europa League, teksa meq\u00ebn\u00ebse Milani nuk merr pjes\u00eb n\u00eb Kupat e Europ\u00ebs k\u00ebt\u00eb sezon, Rebic i duhet ta shlyej\u00eb d\u00ebnimin kur skuadra e tij t\u00eb marr\u00eb pjes\u00eb n\u00eb nj\u00eb nga turnet e UEFA-s.<\/p>","protected":false},"excerpt":{"rendered":"<p>E mori p\u00ebr t\u00eb b\u00ebr\u00eb diferenc\u00ebn n\u00eb sulm, por Ante Rebic duket se ka sjell\u00eb d\u00ebme te Milani. Sulmuesi kroat, i cili u transferua gjat\u00eb k\u00ebsaj merkato vere te klubi kuqezi \u00ebsht\u00eb d\u00ebnuar me 5 ndeshje pezullim nga Kupat e Europ\u00ebs. Vendimi \u00ebsht\u00eb marr\u00eb nga Komisioni i Disiplin\u00ebs n\u00eb UEFA, q\u00eb e ndalon Rebic t\u00eb [&hellip;]<\/p>\n","protected":false},"author":2013,"featured_media":108294,"comment_status":"open","ping_status":"closed","sticky":false,"template":"","format":"standard","meta":{"footnotes":""},"categories":[241,192],"tags":[],"class_list":{"0":"post-108293","1":"post","2":"type-post","3":"status-publish","4":"format-standard","5":"has-post-thumbnail","7":"category-aktualitet","8":"category-sport"},"_links":{"self":[{"href":"https:\/\/zjarr.tv\/en\/wp-json\/wp\/v2\/posts\/108293","targetHints":{"allow":["GET"]}}],"collection":[{"href":"https:\/\/zjarr.tv\/en\/wp-json\/wp\/v2\/posts"}],"about":[{"href":"https:\/\/zjarr.tv\/en\/wp-json\/wp\/v2\/types\/post"}],"author":[{"embeddable":true,"href":"https:\/\/zjarr.tv\/en\/wp-json\/wp\/v2\/users\/2013"}],"replies":[{"embeddable":true,"href":"https:\/\/zjarr.tv\/en\/wp-json\/wp\/v2\/comments?post=108293"}],"version-history":[{"count":0,"href":"https:\/\/zjarr.tv\/en\/wp-json\/wp\/v2\/posts\/108293\/revisions"}],"wp:featuredmedia":[{"embeddable":true,"href":"https:\/\/zjarr.tv\/en\/wp-json\/wp\/v2\/media\/108294"}],"wp:attachment":[{"href":"https:\/\/zjarr.tv\/en\/wp-json\/wp\/v2\/media?parent=108293"}],"wp:term":[{"taxonomy":"category","embeddable":true,"href":"https:\/\/zjarr.tv\/en\/wp-json\/wp\/v2\/categories?post=108293"},{"taxonomy":"post_tag","embeddable":true,"href":"https:\/\/zjarr.tv\/en\/wp-json\/wp\/v2\/tags?post=108293"}],"curies":[{"name":"wp","href":"https:\/\/api.w.org\/{rel}","templated":true}]}}