{"id":108298,"date":"2019-09-22T13:41:27","date_gmt":"2019-09-22T11:41:27","guid":{"rendered":"https:\/\/zjarr.tv\/?p=108298"},"modified":"2019-09-22T13:41:27","modified_gmt":"2019-09-22T11:41:27","slug":"video-vasili-rames-leji-llafet-shpall-gjendjen-e-emergjences-civile","status":"publish","type":"post","link":"https:\/\/zjarr.tv\/en\/video-vasili-rames-leji-llafet-shpall-gjendjen-e-emergjences-civile\/","title":{"rendered":"VIDEO\/ Vasili-Ram\u00ebs: Leji llafet, shpall gjendjen e emergjenc\u00ebs civile"},"content":{"rendered":"<p>N\u00ebnkryetari i LSI Petrit Vasili ka dal\u00eb n\u00eb nj\u00eb Konferenc\u00eb p\u00ebr shtyp. Ai i ka k\u00ebrkuar kreut t\u00eb qeveris\u00eb shpalljen e gjendjes s\u00eb emergjencave civile p\u00ebr tu ardhur n\u00eb ndihm\u00eb banor\u00ebve t\u00eb d\u00ebmtuar.<\/p>\n<p>\u201cShqiptar\u00ebt nuk kan\u00eb nevoj\u00eb p\u00ebr t\u00eb d\u00ebgjuar mbledhje kilometrike por kan\u00eb nevoj\u00eb p\u00ebr komunikim operativ\u201d, tha Vasili.<\/p>\n<div id=\"rekl-28\"><\/div>\n<p>P\u00ebrderisa ky termet ishte i k\u00ebtyre p\u00ebrmasave q\u00eb ka shqet\u00ebsuar edhe opinionin nd\u00ebrkomb\u00ebtar, reagimi i par\u00eb do t\u00eb ishte shpallja e emergjencave civile.<\/p>\n<div id=\"rekl-13\">\n<div id=\"__sap-ad-15\" class=\"__sap-ads __sap-html tracked\" data-title=\"Credins desktop 08\"><ins><\/p>\n<div id=\"beacon_bed115dfc8\"><img loading=\"lazy\" decoding=\"async\" src=\"https:\/\/ads1.medium.al\/www\/delivery\/lg.php?bannerid=373&amp;campaignid=48&amp;zoneid=182&amp;loc=https%3A%2F%2Fwww.syri.net%2Fpolitike%2F282099%2Fvideo-vasili-rames-leji-llafet-shpall-gjendjen-e-emergjences-civile%2F&amp;referer=https%3A%2F%2Fwww.syri.net%2Flajme%2F&amp;cb=bed115dfc8\" alt=\"\" width=\"0\" height=\"0\" \/><\/div>\n<p><\/ins><\/div>\n<\/div>\n<p>Deklarata e plot\u00eb:<\/p>\n<p><iframe loading=\"lazy\" src=\"https:\/\/www.facebook.com\/plugins\/video.php?href=https%3A%2F%2Fwww.facebook.com%2Flevizjasocialisteperintegrim%2Fvideos%2F972534056417156%2F&amp;show_text=0&amp;width=560\" width=\"560\" height=\"315\" frameborder=\"0\" scrolling=\"no\" allowfullscreen=\"allowfullscreen\" data-mce-fragment=\"1\"><\/iframe><\/p>\n<p><strong>Deklarata e plot\u00eb e n\u00ebnkryetarit t\u00eb LSI, Petrit Vasili<\/strong><\/p>\n<p>Shqip\u00ebria ndodhet dhe po kalon momente shum\u00eb t\u00eb v\u00ebshtira pas nj\u00eb t\u00ebrmeti, i cili nuk ishte par\u00eb dhe nuk ishte provuar prej gati 30 vitesh, nj\u00eb t\u00ebrmet shum\u00eb i r\u00ebnd\u00eb dhe besoj nj\u00eb histori, nga m\u00eb trondit\u00ebset, me t\u00eb cil\u00ebn jan\u00eb p\u00ebrballur qytetar\u00ebt shqiptar\u00eb, t\u00eb cil\u00ebt sot duhet t\u00eb jen\u00eb m\u00eb solidar\u00eb se \u00e7do her\u00eb me nj\u00ebri-tjetrin, por nj\u00ebherazi duhet t\u00eb jen\u00eb dhe shum\u00eb t\u00eb kujdessh\u00ebm se nj\u00eb dit\u00eb m\u00eb par\u00eb p\u00ebr shkak t\u00eb nj\u00eb situate, e cila solli nj\u00eb moment shum\u00eb t\u00eb v\u00ebshtir\u00eb, por ende \u00ebsht\u00eb nj\u00eb situat\u00eb, e cila k\u00ebrkon nj\u00eb p\u00ebrkujdesje shum\u00eb t\u00eb madhe p\u00ebr daljen prej saj sepse dhe ky \u00ebsht\u00eb nj\u00eb moment tep\u00ebr delikat dhe i v\u00ebshtir\u00eb.<\/p>\n<p>Lidhur me p\u00ebrballimin e situat\u00ebs, sigurisht q\u00eb p\u00ebrgjegj\u00ebsia kryesore, e drejtp\u00ebrdrejt\u00eb \u00ebsht\u00eb e qeveris\u00eb shqiptare. Qeveria shqiptare sot ka konsumuar or\u00eb t\u00eb t\u00ebra me kryeministrin shqiptar, mbi 4 or\u00eb n\u00eb media, nd\u00ebrkoh\u00eb q\u00eb shqiptar\u00ebt t\u00eb gjith\u00eb nuk kan\u00eb nevoj\u00eb p\u00ebr t\u00eb d\u00ebgjuar m\u00eb mbledhje kilometrike, nuk kan\u00eb nevoj\u00eb m\u00eb p\u00ebr sho\u00ebn kilometrik. Kan\u00eb nevoj\u00eb p\u00ebr komunikim operativ t\u00eb menj\u00ebhersh\u00ebm, fakte konkrete dhe njer\u00ebz n\u00eb t\u00ebrren.<\/p>\n<p>Nuk kan\u00eb nevoj\u00eb shqiptar\u00ebt q\u00eb t\u00eb ken\u00eb prefektet e tyre t\u00eb mbledhur n\u00eb mbledhje t\u00eb pafundme t\u00eb kryeministrit, por i k\u00ebrkojn\u00eb t\u00eb jen\u00eb atje n\u00eb terren. Nuk i k\u00ebrkojn\u00eb bashkit\u00eb t\u00eb vijn\u00eb e t\u00eb mblidhen s\u00eb bashku dhe deputet\u00ebt t\u00eb b\u00ebjn\u00eb sikur b\u00ebjn\u00eb ndarjen e pun\u00ebs dhe kjo ndarje pune duhet t\u00eb ishte mbaruar q\u00eb mbr\u00ebm\u00eb n\u00eb or\u00ebn 11:00 apo 12:00 t\u00eb nat\u00ebs apo m\u00eb p\u00ebrpara dhe sot t\u00eb gjith\u00eb duhet t\u00eb ishin n\u00eb terren.<\/p>\n<p>Sot, nuk ka m\u00eb nevoj\u00eb q\u00eb shqiptar\u00ebt t\u00eb shikojn\u00eb sesi kryeministri b\u00ebn dhe inxhinierin e nd\u00ebrtimit e specialistin e nd\u00ebrtimit e t\u00eb gjitha specialitetet e bot\u00ebs n\u00eb vend q\u00eb t\u00eb b\u00ebj\u00eb detyr\u00ebn e tij t\u00eb organizimit dhe t\u00eb organizimit t\u00eb strukturave, t\u00eb cilat kan\u00eb p\u00ebrgjegj\u00ebsi shtet\u00ebrore p\u00ebr t\u00eb mbajtur situat\u00ebn n\u00eb kontroll dhe p\u00ebr t\u00eb kaluar pasojat.<\/p>\n<p>N\u00eb radh\u00eb t\u00eb par\u00eb, p\u00ebrderisa ky t\u00ebrmet \u00ebsht\u00eb i k\u00ebtyre dimensioneve, i k\u00ebtyre p\u00ebrmasave, i cili ka shqet\u00ebsuar edhe opinionin nd\u00ebrkomb\u00ebtar, kryeministri nj\u00ebherazi informon q\u00eb figura t\u00eb m\u00ebdha shtetesh jan\u00eb preokupuar p\u00ebr k\u00ebt\u00eb \u00e7\u00ebshtje, reagimi i par\u00eb do t\u00eb ishte shpallja e emergjenc\u00ebs civile.<\/p>\n<p>Kur do t\u00eb shpallet emergjenca civile? \u00c7far\u00eb situate m\u00eb t\u00eb r\u00ebnd\u00eb presin shqiptar\u00ebt sesa kaq? T\u00eb nj\u00eb t\u00ebrmeti kaq t\u00eb r\u00ebnd\u00eb, t\u00eb papar\u00eb! S\u00eb dyti, Kryeministri nuk ka nevoj\u00eb t\u00eb na lodh\u00eb me sho\u00eb, me biseda, me teorira t\u00eb sigurimit t\u00eb banesave, sot q\u00eb kemi nj\u00eb hall koke si\u00e7 thon\u00eb shqiptar\u00ebt. Po t\u00eb thot\u00eb se cilat jan\u00eb parat\u00eb n\u00eb dispozicion t\u00eb k\u00ebsaj situate, sa milion\u00eb jan\u00eb n\u00eb dispozicion t\u00eb k\u00ebsaj situate?<\/p>\n<p>Si jan\u00eb t\u00eb ndara sipas \u00e7do ministrie, pra \u00e7far\u00eb instrumentash financiar\u00eb ka shteti n\u00eb nj\u00eb situat\u00eb t\u00eb till\u00eb p\u00ebr t\u2019i p\u00ebrdorur e duke shpallur edhe gjendjen e emergjenc\u00ebs t\u2019i p\u00ebrdor\u00eb n\u00eb m\u00ebnyr\u00eb t\u00eb menj\u00ebhershme sepse koha nuk pret. S\u00eb treti, dhe shum\u00eb kryesore, qeveria flet p\u00ebr evidentimin e d\u00ebmeve. Jan\u00eb shum\u00eb von\u00eb! Q\u00eb dje n\u00eb or\u00ebn kat\u00ebr, sot kan\u00eb kaluar or\u00eb t\u00eb \u00e7muara pasi duhet t\u00eb evidentohen shum\u00eb qart\u00eb cilat jan\u00eb ato struktuara, jo t\u00eb vler\u00ebsuara nga kryeministri inxhinier por t\u00eb vler\u00ebsuara nga specialist\u00ebt, ku familjet atje kan\u00eb rrezik dhe duhet t\u00eb evakuohen sa m\u00eb par\u00eb.<\/p>\n<p>Sepse nd\u00ebrkoh\u00eb ju si\u00e7 e shikoni dhe informohet nga gjith\u00ebandej l\u00ebkundjet sigurisht m\u00eb t\u00eb lehta dhe shyqyr q\u00eb jan\u00eb m\u00eb t\u00eb lehta po vazhdojn\u00eb por strukturat e d\u00ebmtuara sigurisht jan\u00eb strukturat m\u00eb vulnerab\u00ebl, t\u00eb cilat jan\u00eb m\u00eb fragile, t\u00eb cilat mund t\u00eb \u00e7edojn\u00eb nga \u00e7asti n\u00eb \u00e7ast dhe kjo duhej t\u00eb ishte evidentuar me koh\u00eb dhe p\u00ebr k\u00ebta qytetar\u00eb duhej t\u00eb ishte p\u00ebrgatitur edhe vendi i evakuimit t\u00eb tyre p\u00ebr t\u00eb evituar n\u00eb t\u00eb gjitha rastet q\u00eb ne t\u00eb mos kemi n\u00eb asnj\u00eb m\u00ebnyr\u00eb viktima.<\/p>\n<p>Vazhdojm\u00eb m\u00eb tej, informacioni p\u00ebr popullat\u00ebn. Qytetar\u00ebt nuk kan\u00eb nevoj\u00eb p\u00ebr t\u00eb d\u00ebgjuar mbledhjet e kryeministrit, kan\u00eb nevoj\u00eb p\u00ebr informacion sistematik, me nj\u00eb periodicitet \u00e7do gjys\u00ebm ore q\u00eb jepet nga nj\u00eb institucion i centralizuar, nj\u00eb shtab qendror i centralizuar q\u00eb ka tagrin t\u00eb informoj\u00eb, i cili merr informacione jo vet\u00ebm nga burimet shtet\u00ebrore, sigurisht t\u00eb konfirmuara edhe nga institucionet e tjera edhe shkencore q\u00eb informojn\u00eb mbi gjendjen, japin informacion real dhe t\u00eb v\u00ebrtet\u00eb t\u00eb situat\u00ebs, e cila duhet t\u00eb jet\u00eb e pregatitur, e parap\u00ebrgatitur. Kjo eviton sigurisht edhe panikun n\u00eb ato raste ku ai mund t\u00eb ishte i panevojsh\u00ebm, por nj\u00ebkoh\u00ebsisht \u00ebsht\u00eb edhe nj\u00eb komunikim konkret p\u00ebr nj\u00eb popullat t\u00eb t\u00ebr\u00eb i cili ndodhet n\u00eb alert.<\/p>\n<p>Pra, p\u00ebr nj\u00eb situat\u00eb q\u00eb ka shqet\u00ebsuar edhe europ\u00ebn mbar\u00eb e bot\u00ebn deri n\u00eb Amerik\u00eb. Ne nuk mund ta p\u00ebrballojm\u00eb n\u00eb m\u00ebnyr\u00eb t\u00eb till\u00eb spontane, n\u00eb m\u00ebnyr\u00eb t\u00eb till\u00eb sporadike me informacione q\u00eb vijn\u00eb nga media. Mir\u00ebnjohje medias, sigurisht p\u00ebr \u00e7do informacion q\u00eb jep, por shteti ka detyr\u00eb ashtu si\u00e7 n\u00eb gjith\u00eb bot\u00ebn n\u00eb situata t\u00eb tilla ku informacioni \u00ebsht\u00eb i p\u00ebrqendruar i vazhduesh\u00ebm dhe z\u00ebdh\u00ebnia ka nj\u00eb em\u00ebr, ka nj\u00eb fjal\u00eb, ka edhe nj\u00eb p\u00ebrgjegj\u00ebsi.<\/p>\n<p>Sigurisht q\u00eb kjo situat\u00eb k\u00ebrkon nj\u00eb solidaritet, por t\u00eb z\u00ebv\u00ebnd\u00ebsosh pun\u00ebn e drejtp\u00ebrdrejt n\u00eb t\u00ebrren, pranin\u00eb e drejtp\u00ebrdrejt n\u00eb terren, p\u00ebrgjegj\u00ebsit\u00eb konkrete t\u00eb \u00e7do trupe q\u00eb operon n\u00eb terren, trupe t\u00eb ministris\u00eb s\u00eb Br\u00ebndshme, trupe t\u00eb ministris\u00eb s\u00eb Mbrojtjes, trupe t\u00eb Emergjencave Civile, trupa q\u00eb ka t\u00eb b\u00ebj\u00eb me sh\u00ebndet\u00ebsin\u00eb, gjith\u00eb trupa administrative e cila natyrsh\u00ebm n\u00eb momente emergjence merr detyra komplet t\u00eb reja pasi i gjith\u00eb aparati shtet\u00ebror organizohet n\u00eb fuksion t\u00eb k\u00ebsaj emergjence, ne d\u00ebgjojm\u00eb tani mbledhje t\u00eb gjata sesi thon\u00eb ti shko andej, jo po m\u00eb duket se \u00ebsht\u00eb k\u00ebshtu dhe ti kalo andej.<\/p>\n<p>K\u00ebto lloj spontanitetesh, k\u00ebto lloj\u00eb muhabetesh, nuk kan\u00eb asnj\u00eb lidhje me k\u00ebt\u00eb seriozitet kaq t\u00eb madh q\u00eb k\u00ebrkon kjo situat\u00eb. Ndaj t\u201di l\u00ebn\u00eb llafet, t\u00eb shkojn\u00eb n\u00eb terren dhe t\u00eb evidentojn\u00eb n\u00eb radh\u00eb t\u00eb par\u00eb ato strukturat t\u00eb cilat jan\u00eb n\u00eb gjendje kritike dhe nuk presin m\u00eb. Kjo k\u00ebrkon planifikim, k\u00ebrkon fonde dhe mbi t\u00eb gjitha nuk ka pse t\u00eb hezitojn\u00eb m\u00eb t\u00eb shpallin gjendjen e emergjenc\u00ebs dhe t\u00eb marr\u00eb drejtp\u00ebrdrejt p\u00ebrgjegj\u00ebsit\u00eb qeveria. Edhe ato para t\u00eb cilat kan\u00eb nevoj\u00eb p\u00ebr t\u201du nd\u00ebrhyr\u00eb qytetar\u00ebve t\u00eb cil\u00ebve iu d\u00ebmtuan banesat p\u00ebr shkaqe natyrore, le t&#8217;iu jepen atyre.<\/p>\n<p>Boll u dhan\u00eb para me koncensione. Tani kan\u00eb nevoj\u00eb shqiptar\u00ebt p\u00ebr ato para. Tani kan\u00eb nevoj\u00eb p\u00ebr ndihm\u00ebn e qeveris\u00eb. Tani ka nevoj\u00eb p\u00ebr mb\u00ebshtetjen e saj. Mos shpallja e emergjenc\u00ebs dhe mos b\u00ebrja publike e fondeve financiare t\u00eb detyruara sipas \u00e7do fushe, sigurisht do ta b\u00ebnte \u00e7do gj\u00eb tjet\u00ebr fjal\u00eb dhe vet\u00ebm fjal\u00eb. Shqiptar\u00ebt kan\u00eb nevoj\u00eb sot p\u00ebr vepra si asnj\u00ebh\u00ebr\u00eb m\u00eb par\u00eb, nd\u00ebrkoh\u00eb q\u00eb qytetar\u00ebt mes vetit vazhdojn\u00eb t\u00eb jen\u00eb solidar\u00eb dhe tek ata shkon edhe solidariteti yn\u00eb. N\u00eb m\u00ebnyr\u00eb t\u00eb ve\u00e7ant\u00eb tek ata t\u00eb cil\u00ebt kan\u00eb p\u00ebsuar d\u00ebmtime dhe plag\u00eb, por q\u00eb jan\u00eb n\u00eb gj\u00ebndje sh\u00ebndet\u00ebsore m\u00eb t\u00eb mir\u00eb.<\/p>\n<p>Ata q\u00eb jan\u00eb ende n\u00eb spital u urohet sh\u00ebrim i shpejt\u00eb dhe uroj me gjith\u00eb shpirt q\u00eb t\u00eb mos ket\u00eb asnj\u00eb t\u00eb d\u00ebmtuar edhe n\u00eb dit\u00ebt q\u00eb vijn\u00eb dhe situata t\u00eb shkoj\u00eb drejt normalizimit.<\/p>\n<p>Faleminderit!<\/p>","protected":false},"excerpt":{"rendered":"<p>N\u00ebnkryetari i LSI Petrit Vasili ka dal\u00eb n\u00eb nj\u00eb Konferenc\u00eb p\u00ebr shtyp. Ai i ka k\u00ebrkuar kreut t\u00eb qeveris\u00eb shpalljen e gjendjes s\u00eb emergjencave civile p\u00ebr tu ardhur n\u00eb ndihm\u00eb banor\u00ebve t\u00eb d\u00ebmtuar. \u201cShqiptar\u00ebt nuk kan\u00eb nevoj\u00eb p\u00ebr t\u00eb d\u00ebgjuar mbledhje kilometrike por kan\u00eb nevoj\u00eb p\u00ebr komunikim operativ\u201d, tha Vasili. P\u00ebrderisa ky termet ishte i [&hellip;]<\/p>\n","protected":false},"author":2013,"featured_media":64827,"comment_status":"open","ping_status":"closed","sticky":false,"template":"","format":"standard","meta":{"footnotes":""},"categories":[241,235],"tags":[],"class_list":{"0":"post-108298","1":"post","2":"type-post","3":"status-publish","4":"format-standard","5":"has-post-thumbnail","7":"category-aktualitet","8":"category-vendi"},"_links":{"self":[{"href":"https:\/\/zjarr.tv\/en\/wp-json\/wp\/v2\/posts\/108298","targetHints":{"allow":["GET"]}}],"collection":[{"href":"https:\/\/zjarr.tv\/en\/wp-json\/wp\/v2\/posts"}],"about":[{"href":"https:\/\/zjarr.tv\/en\/wp-json\/wp\/v2\/types\/post"}],"author":[{"embeddable":true,"href":"https:\/\/zjarr.tv\/en\/wp-json\/wp\/v2\/users\/2013"}],"replies":[{"embeddable":true,"href":"https:\/\/zjarr.tv\/en\/wp-json\/wp\/v2\/comments?post=108298"}],"version-history":[{"count":0,"href":"https:\/\/zjarr.tv\/en\/wp-json\/wp\/v2\/posts\/108298\/revisions"}],"wp:featuredmedia":[{"embeddable":true,"href":"https:\/\/zjarr.tv\/en\/wp-json\/wp\/v2\/media\/64827"}],"wp:attachment":[{"href":"https:\/\/zjarr.tv\/en\/wp-json\/wp\/v2\/media?parent=108298"}],"wp:term":[{"taxonomy":"category","embeddable":true,"href":"https:\/\/zjarr.tv\/en\/wp-json\/wp\/v2\/categories?post=108298"},{"taxonomy":"post_tag","embeddable":true,"href":"https:\/\/zjarr.tv\/en\/wp-json\/wp\/v2\/tags?post=108298"}],"curies":[{"name":"wp","href":"https:\/\/api.w.org\/{rel}","templated":true}]}}