{"id":108300,"date":"2019-09-22T13:42:13","date_gmt":"2019-09-22T11:42:13","guid":{"rendered":"https:\/\/zjarr.tv\/?p=108300"},"modified":"2019-09-22T13:42:13","modified_gmt":"2019-09-22T11:42:13","slug":"termeti-fut-ne-sherr-ramen-me-veliajn-ku-eshte-ai-i-dites-pa-makina-qe-se-shtyn-dot","status":"publish","type":"post","link":"https:\/\/zjarr.tv\/en\/termeti-fut-ne-sherr-ramen-me-veliajn-ku-eshte-ai-i-dites-pa-makina-qe-se-shtyn-dot\/","title":{"rendered":"T\u00ebrmeti fut n\u00eb sherr Ram\u00ebn me Veliajn\/ Ku \u00ebsht\u00eb ai i \u2018dit\u00ebs pa makina\u2019 q\u00eb se shtyn dot"},"content":{"rendered":"<div class=\"readmore-text-here\">\n<p>P\u00ebr shkak t\u00eb t\u00ebrmetit t\u00eb fuqish\u00ebm q\u00eb tronditi vendin, kryeministri Edi Rama ka organizuar nj\u00eb mbledhje t\u00eb p\u00ebrbashk\u00ebt me grupin parlamentar, ministrat si dhe kryetar\u00ebt e bashkive.<\/p>\n<p>Nd\u00ebrkoh\u00eb q\u00eb gjat\u00eb mbledhjes, Rama \u00ebsht\u00eb kapur me Veliajn duke e pyetur \u2018Po at\u00eb diten pa makina nuk mund ta shtynim ne&#8217;\u2018, pasi ky i fundit u vonua.<\/p>\n<p>\u2018Ku eshte kryetari i Tiran\u00ebs? Apo po merret me dit\u00ebn pa makina\u2026po at\u00eb diten pa makina nuk mund ta shtynim ne, apo\u2026.\u2019, tha Rama gjat\u00eb mbledhjes<\/p>\n<div id=\"rekl-13\">\n<div id=\"__sap-ad-15\" class=\"__sap-ads __sap-html tracked\" data-title=\"Credins desktop 08\"><ins><\/p>\n<div id=\"beacon_a6962892ba\"><img loading=\"lazy\" decoding=\"async\" src=\"https:\/\/ads1.medium.al\/www\/delivery\/lg.php?bannerid=373&amp;campaignid=48&amp;zoneid=182&amp;loc=https%3A%2F%2Fwww.syri.net%2Fpolitike%2F282103%2Ftermeti-fut-ne-sherr-ramen-me-veliajn-ku-eshte-ai-i-dites-pa-makina-qe-se-shtyn-dot%2F&amp;referer=https%3A%2F%2Fwww.syri.net%2Flajme%2F&amp;cb=a6962892ba\" alt=\"\" width=\"0\" height=\"0\" \/><\/div>\n<p><\/ins><\/div>\n<\/div>\n<p>Nd\u00ebrkoh\u00eb, kryebashkiaku u Veliaj u shpreh se mund ti realizojm\u00eb t\u00eb gjitha objektivat, n\u00eb m\u00ebnyr\u00eb q\u00eb mos t\u00eb p\u00ebrhapim panik.<\/p>\n<p>\u2018P\u00ebr t\u00eb mos p\u00ebrhapur panik, n\u00eb m\u00ebnyr\u00eb q\u00eb ti realizojm\u00eb t\u00eb gjitha objektivat. Kemi pasur 6 vende ku jan\u00eb vendosur \u00e7adra. Nga sot kemi hapur t\u00eb gjitha qendrat sociale. Do t\u00eb ofrojm\u00eb vaktet n\u00eb mas\u00eb p\u00ebr shum\u00eb prej banor\u00ebve t\u00eb Tiran\u00ebs. Nd\u00ebrkoh\u00eb kemi b\u00ebr\u00eb nj\u00eb verifikim t\u00eb gjitha kopshteve dhe \u00e7erdheve\u2019, tha Veliaj duke raportuar p\u00ebr situat\u00ebn n\u00eb Tiran\u00eb.<\/p>\n<p>&nbsp;<\/p>\n<\/div>\n<div id=\"rekl-33\"><\/div>","protected":false},"excerpt":{"rendered":"<p>P\u00ebr shkak t\u00eb t\u00ebrmetit t\u00eb fuqish\u00ebm q\u00eb tronditi vendin, kryeministri Edi Rama ka organizuar nj\u00eb mbledhje t\u00eb p\u00ebrbashk\u00ebt me grupin parlamentar, ministrat si dhe kryetar\u00ebt e bashkive. Nd\u00ebrkoh\u00eb q\u00eb gjat\u00eb mbledhjes, Rama \u00ebsht\u00eb kapur me Veliajn duke e pyetur \u2018Po at\u00eb diten pa makina nuk mund ta shtynim ne&#8217;\u2018, pasi ky i fundit u vonua. [&hellip;]<\/p>\n","protected":false},"author":2013,"featured_media":61270,"comment_status":"open","ping_status":"closed","sticky":false,"template":"","format":"standard","meta":{"footnotes":""},"categories":[241,235],"tags":[],"class_list":{"0":"post-108300","1":"post","2":"type-post","3":"status-publish","4":"format-standard","5":"has-post-thumbnail","7":"category-aktualitet","8":"category-vendi"},"_links":{"self":[{"href":"https:\/\/zjarr.tv\/en\/wp-json\/wp\/v2\/posts\/108300","targetHints":{"allow":["GET"]}}],"collection":[{"href":"https:\/\/zjarr.tv\/en\/wp-json\/wp\/v2\/posts"}],"about":[{"href":"https:\/\/zjarr.tv\/en\/wp-json\/wp\/v2\/types\/post"}],"author":[{"embeddable":true,"href":"https:\/\/zjarr.tv\/en\/wp-json\/wp\/v2\/users\/2013"}],"replies":[{"embeddable":true,"href":"https:\/\/zjarr.tv\/en\/wp-json\/wp\/v2\/comments?post=108300"}],"version-history":[{"count":0,"href":"https:\/\/zjarr.tv\/en\/wp-json\/wp\/v2\/posts\/108300\/revisions"}],"wp:featuredmedia":[{"embeddable":true,"href":"https:\/\/zjarr.tv\/en\/wp-json\/wp\/v2\/media\/61270"}],"wp:attachment":[{"href":"https:\/\/zjarr.tv\/en\/wp-json\/wp\/v2\/media?parent=108300"}],"wp:term":[{"taxonomy":"category","embeddable":true,"href":"https:\/\/zjarr.tv\/en\/wp-json\/wp\/v2\/categories?post=108300"},{"taxonomy":"post_tag","embeddable":true,"href":"https:\/\/zjarr.tv\/en\/wp-json\/wp\/v2\/tags?post=108300"}],"curies":[{"name":"wp","href":"https:\/\/api.w.org\/{rel}","templated":true}]}}