{"id":108308,"date":"2019-09-22T13:44:40","date_gmt":"2019-09-22T11:44:40","guid":{"rendered":"https:\/\/zjarr.tv\/?p=108308"},"modified":"2019-09-22T13:44:40","modified_gmt":"2019-09-22T11:44:40","slug":"rama-erdhi-me-parashute-ironia-e-manjanit-hajde-mbaje-propaganden-tani","status":"publish","type":"post","link":"https:\/\/zjarr.tv\/en\/rama-erdhi-me-parashute-ironia-e-manjanit-hajde-mbaje-propaganden-tani\/","title":{"rendered":"\u2018Rama erdhi m\u00eb parashut\u00eb\u2019, ironia e Manjanit: Hajde mbaje propagand\u00ebn tani!"},"content":{"rendered":"<p>Ish Ministri i drejt\u00ebsis\u00eb Ylli Manjani ka komentuar me nj\u00eb shenim n\u00eb faqen e tij n\u00eb facebook propagand\u00ebn e pist\u00eb qeveritare q\u00eb po zhvillohet pas termetit t\u00eb friksh\u00ebm t\u00eb nj\u00eb dite m\u00eb par\u00eb.<\/p>\n<p>\u201cNd\u00ebrkoh\u00eb n\u00eb lajme na u shit nj\u00eb nder i madh. Kryeministri u kthye nga rruga. Ishte nisur p\u00ebr Ne\u00eb York. Se p\u00ebr \u00e7far\u00eb nuk e dim\u00eb, por u kthye.<\/p>\n<p>\u00cbsht\u00eb ende e paqart\u00eb si u realizua kthimi. U kthye avioni n\u00eb aj\u00ebr apo u hodh me parashut\u00eb&#8230;\u201d, shkruan Manjani.<\/p>\n<div id=\"rekl-13\">\n<div id=\"__sap-ad-15\" class=\"__sap-ads __sap-html tracked\" data-title=\"Credins desktop 08\"><ins><\/p>\n<div id=\"beacon_8ae968444b\"><img loading=\"lazy\" decoding=\"async\" src=\"https:\/\/ads1.medium.al\/www\/delivery\/lg.php?bannerid=373&amp;campaignid=48&amp;zoneid=182&amp;loc=https%3A%2F%2Fwww.syri.net%2Fpolitike%2F282085%2Frama-erdhi-me-parashute-ironia-e-manjanit-hajde-mbaje-propaganden-tani%2F&amp;referer=https%3A%2F%2Fwww.syri.net%2Flajme%2F&amp;cb=8ae968444b\" alt=\"\" width=\"0\" height=\"0\" \/><\/div>\n<p><\/ins><\/div>\n<\/div>\n<p><img decoding=\"async\" src=\"https:\/\/www.syri.net\/uploads\/syri.net\/images\/2019\/September\/22\/auto_emergjencat-civile1569143356.jpg\" alt=\"Image\" \/><\/p>\n<p><strong>Ja postimi i tij i plot\u00eb:<\/strong><\/p>\n<p>Hajde mbaje propagand\u00ebn tani!<\/p>\n<p>&#8220;Dje kuptuam se kemi nevoj\u00eb t\u00eb rrim\u00eb me nj\u00ebri-tjetrin&#8221;- propogandon Erion Veliaj.<\/p>\n<p>Jo p\u00ebr bes\u00eb, nuk kam nevoj\u00eb hi\u00e7 t\u00eb rri me ty! Jam m\u00eb i sigurt\u00eb, m\u00eb i qet\u00eb e m\u00eb i lar\u00eb n\u00ebse nuk rri me ty!<\/p>\n<p>Po dje, m\u00eb sakt\u00eb mbr\u00ebm\u00eb von\u00eb selin\u00eb e qeveris\u00eb e vizitoi vet\u00eb Kryeministri. Kishte koh\u00eb pa hyr\u00eb br\u00ebnda. N\u00eb mbledhjen e qeveris\u00eb jo e jo.<\/p>\n<p>Po mbr\u00ebm\u00eb arriti t\u00eb shoh\u00eb n\u00eb t\u00eb nj\u00ebt\u00ebn koh\u00eb ministrat e kabinetit.<\/p>\n<p>Nd\u00ebrkoh\u00eb n\u00eb lajme na u shit nj\u00eb nder i madh. Kryeministri u kthye nga rruga. Ishte nisur p\u00ebr Ne\u00eb York. Se p\u00ebr \u00e7far\u00eb nuk e dim\u00eb, por u kthye.<\/p>\n<p>\u00cbsht\u00eb ende e paqart\u00eb si u realizua kthimi. U kthye avioni n\u00eb aj\u00ebr apo u hodh me parashut\u00eb&#8230;<\/p>\n<p>Pavar\u00ebsisht, qeveria pati nderin t\u00eb mblidhet nga vet\u00eb Kryeministri.<br \/>\nSizmologu i rilindur do deklaroj\u00eb sot se do binte nj\u00eb t\u00ebrmet m\u00eb i madh, por u ndalua me vendim t\u00eb or\u00ebs s\u00eb von\u00eb t\u00eb qeveris\u00eb&#8230;<\/p>\n<p>Duket si gallat\u00eb, por jo m\u00eb \u00e7udi.<\/p>\n<p>Nuk mbahen jo!<\/p>\n<p><img decoding=\"async\" src=\"https:\/\/www.syri.net\/uploads\/syri.net\/images\/2019\/September\/22\/auto_manjani_fcb1569143306.png\" alt=\"Image\" \/><\/p>","protected":false},"excerpt":{"rendered":"<p>Ish Ministri i drejt\u00ebsis\u00eb Ylli Manjani ka komentuar me nj\u00eb shenim n\u00eb faqen e tij n\u00eb facebook propagand\u00ebn e pist\u00eb qeveritare q\u00eb po zhvillohet pas termetit t\u00eb friksh\u00ebm t\u00eb nj\u00eb dite m\u00eb par\u00eb. \u201cNd\u00ebrkoh\u00eb n\u00eb lajme na u shit nj\u00eb nder i madh. Kryeministri u kthye nga rruga. Ishte nisur p\u00ebr Ne\u00eb York. Se p\u00ebr [&hellip;]<\/p>\n","protected":false},"author":2013,"featured_media":58237,"comment_status":"open","ping_status":"closed","sticky":false,"template":"","format":"standard","meta":{"footnotes":""},"categories":[241,235],"tags":[],"class_list":{"0":"post-108308","1":"post","2":"type-post","3":"status-publish","4":"format-standard","5":"has-post-thumbnail","7":"category-aktualitet","8":"category-vendi"},"_links":{"self":[{"href":"https:\/\/zjarr.tv\/en\/wp-json\/wp\/v2\/posts\/108308","targetHints":{"allow":["GET"]}}],"collection":[{"href":"https:\/\/zjarr.tv\/en\/wp-json\/wp\/v2\/posts"}],"about":[{"href":"https:\/\/zjarr.tv\/en\/wp-json\/wp\/v2\/types\/post"}],"author":[{"embeddable":true,"href":"https:\/\/zjarr.tv\/en\/wp-json\/wp\/v2\/users\/2013"}],"replies":[{"embeddable":true,"href":"https:\/\/zjarr.tv\/en\/wp-json\/wp\/v2\/comments?post=108308"}],"version-history":[{"count":0,"href":"https:\/\/zjarr.tv\/en\/wp-json\/wp\/v2\/posts\/108308\/revisions"}],"wp:featuredmedia":[{"embeddable":true,"href":"https:\/\/zjarr.tv\/en\/wp-json\/wp\/v2\/media\/58237"}],"wp:attachment":[{"href":"https:\/\/zjarr.tv\/en\/wp-json\/wp\/v2\/media?parent=108308"}],"wp:term":[{"taxonomy":"category","embeddable":true,"href":"https:\/\/zjarr.tv\/en\/wp-json\/wp\/v2\/categories?post=108308"},{"taxonomy":"post_tag","embeddable":true,"href":"https:\/\/zjarr.tv\/en\/wp-json\/wp\/v2\/tags?post=108308"}],"curies":[{"name":"wp","href":"https:\/\/api.w.org\/{rel}","templated":true}]}}