{"id":108313,"date":"2019-09-22T13:46:38","date_gmt":"2019-09-22T11:46:38","guid":{"rendered":"https:\/\/zjarr.tv\/?p=108313"},"modified":"2019-09-22T13:46:38","modified_gmt":"2019-09-22T11:46:38","slug":"termeti-braimllari-duhet-gjendja-e-emergjences-edi-rama-me-kllounat-e-tij-te-mos-bejne-show","status":"publish","type":"post","link":"https:\/\/zjarr.tv\/en\/termeti-braimllari-duhet-gjendja-e-emergjences-edi-rama-me-kllounat-e-tij-te-mos-bejne-show\/","title":{"rendered":"T\u00ebrmeti, Braimllari: Duhet gjendja e emergjenc\u00ebs, Edi Rama me kllounat e tij t\u00eb mos b\u00ebjn\u00eb show"},"content":{"rendered":"<p>Sekretari i P\u00ebrgjithsh\u00ebm i LSI Endrit Braimllari ka reaguar p\u00ebrmes nj\u00eb postimi n\u00eb faqen e tij n\u00eb facebook duke akzuar qeevrin\u00eb se po b\u00ebn\u00eb show\u00a0mediatik me termetin e nj\u00eb dite m\u00eb par\u00eb.<\/p>\n<p>\u201cN\u00eb vend t\u00eb jen\u00eb n\u00eb terren n\u00eb sh\u00ebrbim t\u00eb qytetar\u00ebve k\u00ebto rrine t\u00eb mbyllur n\u00ebp\u00ebr godinat qeveritare dhe b\u00ebjn\u00eb show mediatik\u201d, shkruan ai n\u00eb postimin e tij<\/p>\n<div id=\"rekl-28\"><\/div>\n<p><strong>Ja shenimi i plot\u00eb:<\/strong><\/p>\n<div id=\"rekl-13\">\n<div id=\"__sap-ad-15\" class=\"__sap-ads __sap-html tracked\" data-title=\"Credins desktop 08\"><ins><\/p>\n<div id=\"beacon_0076f03a80\"><img loading=\"lazy\" decoding=\"async\" src=\"https:\/\/ads1.medium.al\/www\/delivery\/lg.php?bannerid=373&amp;campaignid=48&amp;zoneid=182&amp;loc=https%3A%2F%2Fwww.syri.net%2Fpolitike%2F282074%2Ftermeti-braimllari-duhet-gjendja-e-emergjences-edi-rama-me-kllounat-e-tij-te-mos-bejne-show%2F&amp;referer=https%3A%2F%2Fwww.syri.net%2Flajme%2F&amp;cb=0076f03a80\" alt=\"\" width=\"0\" height=\"0\" \/><\/div>\n<p><\/ins><\/div>\n<\/div>\n<p>Edi Rama me kllounat e tij n\u00eb qeveri t\u00eb mos b\u00ebjn\u00eb show me fatkqesin\u00eb e qytetar\u00ebve por t\u00eb shpalli urgjentisht gjendjen e emergjenc\u00ebs n\u00eb zonat e prekura nga termetet.<\/p>\n<p>Edi Rama ka nd\u00ebrtuar n\u00eb vend nj\u00eb qeveri \u00ebhatssapp dhe nj\u00eb qeveri propagante. \u201cU informova nga grupet e \u00ebhats app\u201d: thot\u00eb Kryeministri. Kulmin e arrin Sandri, Ministri i Brendshem imagjinar, i cili thot\u00eb n\u00eb mbledhje qeveri po me dridhet zeri nga termeti \u201cVaj me det \u00e7far\u00eb qeverie\u201d.<\/p>\n<p>N\u00eb vend t\u00eb jen\u00eb n\u00eb terren n\u00eb sh\u00ebrbim t\u00eb qytetar\u00ebve k\u00ebto rrine t\u00eb mbyllur n\u00ebp\u00ebr godinat qeveritare dhe b\u00ebjn\u00eb show mediatik.<\/p>\n<p>Qytetar\u00ebt presin sherbim, mb\u00ebshtetje kurse k\u00ebtyre i\u2019u dridhet z\u00ebri dhe b\u00ebjn\u00eb sho\u00eb n\u00eb mbledhje qeverie.<\/p>\n<p>Duhet urgjentisht t\u00eb shpallet gjendja e emergjenc\u00ebs n\u00eb zonat e prekura nga termetet.<\/p>","protected":false},"excerpt":{"rendered":"<p>Sekretari i P\u00ebrgjithsh\u00ebm i LSI Endrit Braimllari ka reaguar p\u00ebrmes nj\u00eb postimi n\u00eb faqen e tij n\u00eb facebook duke akzuar qeevrin\u00eb se po b\u00ebn\u00eb show\u00a0mediatik me termetin e nj\u00eb dite m\u00eb par\u00eb. \u201cN\u00eb vend t\u00eb jen\u00eb n\u00eb terren n\u00eb sh\u00ebrbim t\u00eb qytetar\u00ebve k\u00ebto rrine t\u00eb mbyllur n\u00ebp\u00ebr godinat qeveritare dhe b\u00ebjn\u00eb show mediatik\u201d, shkruan ai [&hellip;]<\/p>\n","protected":false},"author":2013,"featured_media":57698,"comment_status":"open","ping_status":"closed","sticky":false,"template":"","format":"standard","meta":{"footnotes":""},"categories":[241,235],"tags":[],"class_list":{"0":"post-108313","1":"post","2":"type-post","3":"status-publish","4":"format-standard","5":"has-post-thumbnail","7":"category-aktualitet","8":"category-vendi"},"_links":{"self":[{"href":"https:\/\/zjarr.tv\/en\/wp-json\/wp\/v2\/posts\/108313","targetHints":{"allow":["GET"]}}],"collection":[{"href":"https:\/\/zjarr.tv\/en\/wp-json\/wp\/v2\/posts"}],"about":[{"href":"https:\/\/zjarr.tv\/en\/wp-json\/wp\/v2\/types\/post"}],"author":[{"embeddable":true,"href":"https:\/\/zjarr.tv\/en\/wp-json\/wp\/v2\/users\/2013"}],"replies":[{"embeddable":true,"href":"https:\/\/zjarr.tv\/en\/wp-json\/wp\/v2\/comments?post=108313"}],"version-history":[{"count":0,"href":"https:\/\/zjarr.tv\/en\/wp-json\/wp\/v2\/posts\/108313\/revisions"}],"wp:featuredmedia":[{"embeddable":true,"href":"https:\/\/zjarr.tv\/en\/wp-json\/wp\/v2\/media\/57698"}],"wp:attachment":[{"href":"https:\/\/zjarr.tv\/en\/wp-json\/wp\/v2\/media?parent=108313"}],"wp:term":[{"taxonomy":"category","embeddable":true,"href":"https:\/\/zjarr.tv\/en\/wp-json\/wp\/v2\/categories?post=108313"},{"taxonomy":"post_tag","embeddable":true,"href":"https:\/\/zjarr.tv\/en\/wp-json\/wp\/v2\/tags?post=108313"}],"curies":[{"name":"wp","href":"https:\/\/api.w.org\/{rel}","templated":true}]}}