{"id":108315,"date":"2019-09-22T13:47:19","date_gmt":"2019-09-22T11:47:19","guid":{"rendered":"https:\/\/zjarr.tv\/?p=108315"},"modified":"2019-09-22T13:47:19","modified_gmt":"2019-09-22T11:47:19","slug":"pas-termetit-ne-shqiperi-ja-cfare-beri-facebook","status":"publish","type":"post","link":"https:\/\/zjarr.tv\/en\/pas-termetit-ne-shqiperi-ja-cfare-beri-facebook\/","title":{"rendered":"Pas t\u00ebrmetit n\u00eb Shqip\u00ebri, ja \u00e7far\u00eb b\u00ebri Facebook"},"content":{"rendered":"<p>Pas t\u00ebrmetit n\u00eb Shqip\u00ebri, Facebook krijoi nj\u00eb grup ku i k\u00ebrkonte p\u00ebrdoruesve t\u00eb tregonin n\u00ebse jan\u00eb t\u00eb sigurt.<\/p>\n<p>Butonat q\u00eb ofrohen jan\u00eb \u2018I\u2019m safe\u2019 (Jam i sigurt\u00eb) dhe \u2018Doesn\u2019t Apply to Me\u2019 (Mos e apliko tek un\u00eb).<\/p>\n<div id=\"rekl-28\"><\/div>\n<p>Shum\u00eb p\u00ebrdorues nuk kan\u00eb hezituar q\u00eb t\u00eb thon\u00eb se jan\u00eb n\u00eb gjendje t\u00eb mir\u00eb sh\u00ebndet\u00ebsore, por ka edhe t\u00eb tjer\u00eb q\u00eb nuk i kan\u00eb dh\u00ebn\u00eb r\u00ebnd\u00ebsi.<\/p>\n<div id=\"rekl-13\">\n<div id=\"__sap-ad-15\" class=\"__sap-ads __sap-html tracked\" data-title=\"Credins desktop 08\"><ins><\/p>\n<div id=\"beacon_838406eeb0\"><img loading=\"lazy\" decoding=\"async\" src=\"https:\/\/ads1.medium.al\/www\/delivery\/lg.php?bannerid=373&amp;campaignid=48&amp;zoneid=182&amp;loc=https%3A%2F%2Fwww.syri.net%2Fpolitike%2F282065%2Fpas-termetit-ne-shqiperi-ja-cfare-beri-facebook%2F&amp;referer=https%3A%2F%2Fwww.syri.net%2Flajme%2F&amp;cb=838406eeb0\" alt=\"\" width=\"0\" height=\"0\" \/><\/div>\n<p><\/ins><\/div>\n<\/div>\n<p>Nj\u00eb t\u00ebrmet i fuqish\u00ebm me magnitud\u00eb 5.8 ball\u00eb i shkall\u00ebs rihter dhe intensitet mbi 7.5 ball\u00eb \u00ebsht\u00eb regjistruar dje 30 km n\u00eb veri t\u00eb Durr\u00ebsit, af\u00ebr Kepit t\u00eb Rodonit.<\/p>\n<p>IGJEUM thot\u00eb se ky \u00ebsht\u00eb t\u00ebrmeti m\u00eb i fort\u00eb i regjistruar n\u00eb 20-30 vitet e fundit. L\u00ebkundjet jan\u00eb ndjer\u00eb n\u00eb Tiran\u00eb, Gjirokast\u00ebr, Pogradec, Fier, Dib\u00ebr e Shkod\u00ebr.<\/p>\n<p>Situata ka krijuar panik te banor\u00ebt. Mij\u00ebra qytetar\u00eb mbush\u00ebn rrug\u00ebn n\u00eb t\u00eb kat\u00ebr an\u00ebt e vendit. T\u00ebrmeti ka shkaktuar d\u00ebme t\u00eb shumta n\u00eb banesa.<\/p>\n<p><img decoding=\"async\" src=\"https:\/\/www.syri.net\/uploads\/syri.net\/images\/2019\/September\/22\/auto_Screenshot_81569138600.jpg\" alt=\"Image\" \/><\/p>","protected":false},"excerpt":{"rendered":"<p>Pas t\u00ebrmetit n\u00eb Shqip\u00ebri, Facebook krijoi nj\u00eb grup ku i k\u00ebrkonte p\u00ebrdoruesve t\u00eb tregonin n\u00ebse jan\u00eb t\u00eb sigurt. Butonat q\u00eb ofrohen jan\u00eb \u2018I\u2019m safe\u2019 (Jam i sigurt\u00eb) dhe \u2018Doesn\u2019t Apply to Me\u2019 (Mos e apliko tek un\u00eb). Shum\u00eb p\u00ebrdorues nuk kan\u00eb hezituar q\u00eb t\u00eb thon\u00eb se jan\u00eb n\u00eb gjendje t\u00eb mir\u00eb sh\u00ebndet\u00ebsore, por ka edhe [&hellip;]<\/p>\n","protected":false},"author":2013,"featured_media":67195,"comment_status":"open","ping_status":"closed","sticky":false,"template":"","format":"standard","meta":{"footnotes":""},"categories":[241,235],"tags":[],"class_list":{"0":"post-108315","1":"post","2":"type-post","3":"status-publish","4":"format-standard","5":"has-post-thumbnail","7":"category-aktualitet","8":"category-vendi"},"_links":{"self":[{"href":"https:\/\/zjarr.tv\/en\/wp-json\/wp\/v2\/posts\/108315","targetHints":{"allow":["GET"]}}],"collection":[{"href":"https:\/\/zjarr.tv\/en\/wp-json\/wp\/v2\/posts"}],"about":[{"href":"https:\/\/zjarr.tv\/en\/wp-json\/wp\/v2\/types\/post"}],"author":[{"embeddable":true,"href":"https:\/\/zjarr.tv\/en\/wp-json\/wp\/v2\/users\/2013"}],"replies":[{"embeddable":true,"href":"https:\/\/zjarr.tv\/en\/wp-json\/wp\/v2\/comments?post=108315"}],"version-history":[{"count":0,"href":"https:\/\/zjarr.tv\/en\/wp-json\/wp\/v2\/posts\/108315\/revisions"}],"wp:featuredmedia":[{"embeddable":true,"href":"https:\/\/zjarr.tv\/en\/wp-json\/wp\/v2\/media\/67195"}],"wp:attachment":[{"href":"https:\/\/zjarr.tv\/en\/wp-json\/wp\/v2\/media?parent=108315"}],"wp:term":[{"taxonomy":"category","embeddable":true,"href":"https:\/\/zjarr.tv\/en\/wp-json\/wp\/v2\/categories?post=108315"},{"taxonomy":"post_tag","embeddable":true,"href":"https:\/\/zjarr.tv\/en\/wp-json\/wp\/v2\/tags?post=108315"}],"curies":[{"name":"wp","href":"https:\/\/api.w.org\/{rel}","templated":true}]}}