{"id":108319,"date":"2019-09-22T13:48:35","date_gmt":"2019-09-22T11:48:35","guid":{"rendered":"https:\/\/zjarr.tv\/?p=108319"},"modified":"2019-09-22T13:48:35","modified_gmt":"2019-09-22T11:48:35","slug":"frike-e-panik-ne-shqiperi-voa-cndodhi-ne-mbledhjen-e-qeverise","status":"publish","type":"post","link":"https:\/\/zjarr.tv\/en\/frike-e-panik-ne-shqiperi-voa-cndodhi-ne-mbledhjen-e-qeverise\/","title":{"rendered":"\u2018Frik\u00eb e panik n\u00eb Shqip\u00ebri\u2019\/ VOA: \u00c7\u2019ndodhi n\u00eb mbledhjen e qeveris\u00eb"},"content":{"rendered":"<p>Shqip\u00ebria u godit n\u00eb mesnat\u00eb nga nj\u00eb tjet\u00ebr t\u00ebrmet i fort\u00eb, ndon\u00ebse me intensitet pak m\u00eb t\u00eb ul\u00ebt se ai i pasdites t\u00eb s\u00eb shtun\u00ebs.<\/p>\n<p>Sipas t\u00eb dh\u00ebnave, epiqendra ka qen\u00eb 2 kilometra n\u00eb juglindje t\u00eb Durr\u00ebsit, me magnitud\u00eb 4.9 grad\u00eb t\u00eb shkall\u00ebs Richter dhe l\u00ebkundjet u ndjen\u00eb t\u00eb fuqishme edhe n\u00eb Tiran\u00eb, ku n\u00eb ato moment po zhvillohej mbledhja e qeveris\u00eb e fikusuar pik\u00ebrisht te t\u00ebrmeti i pasdites.<\/p>\n<p>Nd\u00ebrsa ajo transmetohej direkt, u ndje nj\u00eb k\u00ebrcitje dhe l\u00ebkundje e kameras. Ministri i Brendsh\u00ebm Sand\u00ebr Lleshaj, i cili kishte fjal\u00ebn n\u00eb ato momente, e nd\u00ebrpreu p\u00ebr pak \u00e7aste duke ngritur kok\u00ebn lart. Ai vijoi t\u00eb fliste, nd\u00ebrkoh\u00eb q\u00eb dridhjet dalloheshin n\u00eb transmetim, aq sa nj\u00eb moment ministri tha se \u2018po p\u00ebrpiqem dhe un\u00eb t\u00eb mos m\u00eb l\u00ebkundet z\u00ebri\u2019.<\/p>\n<div id=\"rekl-13\">\n<div id=\"__sap-ad-15\" class=\"__sap-ads __sap-html tracked\" data-title=\"Credins desktop 08\"><ins><\/p>\n<div id=\"beacon_2d66482252\"><\/div>\n<p><\/ins><\/div>\n<\/div>\n<p>Gjat\u00eb mbledhjes s\u00eb qeveris\u00eb u b\u00ebn t\u00eb ditura dhe t\u00eb dh\u00ebnat e p\u00ebrdit\u00ebsuara lidhur me pasojat e t\u00ebrmetit. Ministrja Xha\u00e7ka tha s\u00eb jan\u00eb mbi 500 banesa dhe mbi 30 pallate, kryesisht n\u00eb Tiran\u00eb dhe Durr\u00ebs, t\u00eb cilat jan\u00eb d\u00ebmtuar. N\u00eb pjes\u00ebn d\u00ebrrmuese, b\u00ebhet fjal\u00eb p\u00ebr plasaritje dhe krisje t\u00eb mureve apo d\u00ebmtime n\u00eb tavane.<\/p>\n<p>Numri i personave q\u00eb ka k\u00ebrkuar ndihm\u00ebn mjek\u00ebsore, po n\u00eb Tiran\u00eb dhe Durr\u00ebs, dy qytetet q\u00eb kan\u00eb qen\u00eb m\u00eb par\u00ebn epiqendr\u00ebs, \u2018ka arritur ne 105 persona, nga t\u00eb cil\u00ebt, deri n\u00eb mesnat\u00eb vet\u00ebm 12 ishin ende n\u00eb spital n\u00ebn v\u00ebzhgimin e mjek\u00ebve\u2019, informoi nga ana e saj ministrja e Sh\u00ebndet\u00ebsis\u00eb Ogerta Manastirliu.<\/p>\n<p>\u2018D\u00ebmet materiale jan\u00eb shum\u00eb m\u00eb modeste se sa mendohej dhe m\u00eb e r\u00ebnd\u00ebsishme \u00ebsht\u00eb se nuk ka patur asnj\u00eb jet\u00eb t\u00eb humbur dhe asnj\u00eb d\u00ebmtim serioz. Me fat q\u00eb d\u00ebmet kan\u00eb qen\u00eb kaq t\u00eb kufizuara\u2019, deklaroi ministrja Xha\u00e7ka. Nga ana e tij kryeministri vler\u00ebsoi reagimin e strukturave shtet\u00ebrore, duke njoftuar se qeveria \u00ebsht\u00eb e gatshme t\u00eb v\u00ebr\u00eb n\u00eb disposizion fondet e nevojshme p\u00ebr t\u00eb p\u00ebrballuar pasojat.<\/p>\n<p>I kthyer n\u00eb Shqip\u00ebri n\u00eb mbr\u00ebmje pasi nd\u00ebrpreu udh\u00ebtimin drejt Shteteve t\u00eb Bashkuara ku do t\u00eb merrte pjes\u00eb n\u00eb Asamblen\u00eb e Kombeve t\u00eb Bashkuara, kryeministri Rama tha se kishte marr\u00eb telefonata solidariteti dhe mb\u00ebshtetje nga kryeministri italian Giuseppe Conte, presidenti francez Emmanuel Macron, kancelari austriak dhe udh\u00ebheq\u00ebs t\u00eb tjer\u00eb nga vende t\u00eb ndryshme.<\/p>\n<p>Paniku dhe frika ka mbajtur t\u00eb mb\u00ebrthyer deri or\u00ebt e vona t\u00eb nat\u00ebs banor\u00ebt n\u00eb kryeqytet, t\u00eb cil\u00ebt kan\u00eb vijuar t\u00eb q\u00ebndrojn\u00eb jasht\u00eb. N\u00eb Tiran\u00eb po dhe n\u00eb Durr\u00ebs jan\u00eb ngritur dhe disa qendra pritjeje. L\u00ebkundja e par\u00eb e fort\u00eb e t\u00ebrmetit u regjistrua n\u00eb or\u00ebn 16.05 minuta, me nj\u00eb magnitud\u00eb 5.8 grad\u00eb t\u00eb shkall\u00ebs Richter dhe intensitet 7.5 ball\u00eb.<\/p>\n<p>T\u00ebrmeti i s\u00eb shtun\u00ebs pasdite ishte \u2018m\u00eb i madhi i regjistruar n\u00eb 30 vitet e fundit\u2019, sipas sizmiolog\u00ebve. Ai u pasua nga t\u00eb pakt\u00ebn 130 pasgoditje me nj\u00eb intensitet m\u00eb t\u00eb ul\u00ebt. Kryesisht n\u00eb Tiran\u00eb e Durr\u00ebs, qytetar\u00ebt p\u00ebrjetuan frik\u00eb dhe ankth p\u00ebr or\u00eb t\u00eb t\u00ebra. Ata kan\u00eb dal\u00eb me shpejt\u00ebsi na banesat e tyre p\u00ebr t\u00eb q\u00ebndruar n\u00eb rrug\u00eb e sheshe.<\/p>\n<p>N\u00eb fakt nj\u00eb pjes\u00eb e mir\u00eb e t\u00eb plagosurve, jan\u00eb l\u00ebnduar pik\u00ebrisht n\u00eb ikje e sip\u00ebr me nxitim, p\u00ebr t\u00eb dal\u00eb nga banesat e tyre. N\u00eb nj\u00eb rast, nj\u00eb person ka p\u00ebsuar fraktur\u00eb t\u00eb k\u00ebmb\u00ebs pasi \u00ebsht\u00eb hedhur nga kati i dyt\u00eb i banes\u00ebs, nd\u00ebrsa nj\u00eb tjet\u00ebr, \u00ebsht\u00eb p\u00ebrplasur nga nj\u00eb makin\u00eb nd\u00ebrsa tentonte t\u00eb kalonte rrug\u00ebn me shpejt\u00ebsi.<\/p>","protected":false},"excerpt":{"rendered":"<p>Shqip\u00ebria u godit n\u00eb mesnat\u00eb nga nj\u00eb tjet\u00ebr t\u00ebrmet i fort\u00eb, ndon\u00ebse me intensitet pak m\u00eb t\u00eb ul\u00ebt se ai i pasdites t\u00eb s\u00eb shtun\u00ebs. Sipas t\u00eb dh\u00ebnave, epiqendra ka qen\u00eb 2 kilometra n\u00eb juglindje t\u00eb Durr\u00ebsit, me magnitud\u00eb 4.9 grad\u00eb t\u00eb shkall\u00ebs Richter dhe l\u00ebkundjet u ndjen\u00eb t\u00eb fuqishme edhe n\u00eb Tiran\u00eb, ku n\u00eb [&hellip;]<\/p>\n","protected":false},"author":2013,"featured_media":58091,"comment_status":"open","ping_status":"closed","sticky":false,"template":"","format":"standard","meta":{"footnotes":""},"categories":[241,235],"tags":[],"class_list":{"0":"post-108319","1":"post","2":"type-post","3":"status-publish","4":"format-standard","5":"has-post-thumbnail","7":"category-aktualitet","8":"category-vendi"},"_links":{"self":[{"href":"https:\/\/zjarr.tv\/en\/wp-json\/wp\/v2\/posts\/108319","targetHints":{"allow":["GET"]}}],"collection":[{"href":"https:\/\/zjarr.tv\/en\/wp-json\/wp\/v2\/posts"}],"about":[{"href":"https:\/\/zjarr.tv\/en\/wp-json\/wp\/v2\/types\/post"}],"author":[{"embeddable":true,"href":"https:\/\/zjarr.tv\/en\/wp-json\/wp\/v2\/users\/2013"}],"replies":[{"embeddable":true,"href":"https:\/\/zjarr.tv\/en\/wp-json\/wp\/v2\/comments?post=108319"}],"version-history":[{"count":0,"href":"https:\/\/zjarr.tv\/en\/wp-json\/wp\/v2\/posts\/108319\/revisions"}],"wp:featuredmedia":[{"embeddable":true,"href":"https:\/\/zjarr.tv\/en\/wp-json\/wp\/v2\/media\/58091"}],"wp:attachment":[{"href":"https:\/\/zjarr.tv\/en\/wp-json\/wp\/v2\/media?parent=108319"}],"wp:term":[{"taxonomy":"category","embeddable":true,"href":"https:\/\/zjarr.tv\/en\/wp-json\/wp\/v2\/categories?post=108319"},{"taxonomy":"post_tag","embeddable":true,"href":"https:\/\/zjarr.tv\/en\/wp-json\/wp\/v2\/tags?post=108319"}],"curies":[{"name":"wp","href":"https:\/\/api.w.org\/{rel}","templated":true}]}}