{"id":108324,"date":"2019-09-22T13:53:44","date_gmt":"2019-09-22T11:53:44","guid":{"rendered":"https:\/\/zjarr.tv\/?p=108324"},"modified":"2019-09-22T13:53:44","modified_gmt":"2019-09-22T11:53:44","slug":"paralajmeron-sizmiologu-grek-kujdes-termetet-e-tjera-demet-e-nje-me-te-vogli-mund-te-jene-shkaterrues","status":"publish","type":"post","link":"https:\/\/zjarr.tv\/en\/paralajmeron-sizmiologu-grek-kujdes-termetet-e-tjera-demet-e-nje-me-te-vogli-mund-te-jene-shkaterrues\/","title":{"rendered":"Paralajm\u00ebron sizmiologu grek: Kujdes t\u00ebrmetet e tjera, d\u00ebmet e nj\u00eb m\u00eb t\u00eb vogli mund t\u00eb jen\u00eb shkat\u00ebrrues"},"content":{"rendered":"<p>Gazetari i Top Channel Aleksand\u00ebr Marku ka realizuar nj\u00eb intervist\u00eb me sizmiologun grek, Akis Tselentis, i cili u citua m\u00eb her\u00ebt dhe nga presidenti Meta p\u00ebr pasoja t\u00eb tilla t\u00eb mundshme.<\/p>\n<div id=\"sovrn\" class=\"desktop_ad ad_bottom_space\"><ins><\/ins><\/p>\n<div id=\"onetag-wrapper-3\" class=\"sovrn-onetag-ad\"><\/div>\n<\/div>\n<p>Tselentis thot\u00eb se duhet pasur kujdes dhe se situata e tanishme nuk ishte nj\u00eb surpriz\u00eb p\u00ebr t\u00eb .<\/p>\n<p><strong>Si nj\u00eb prej sizmolog\u00ebve m\u00eb me eksperienc\u00eb n\u00eb Greqi si e gjykoni veprimtarin\u00eb sizmike t\u00eb djeshme n\u00eb Shqiperi?<\/strong><\/p>\n<p><strong>Akis Tselentis \u2013\u00a0<\/strong>Nuk m\u00eb krijoi p\u00ebrshtypje pasi n\u00eb k\u00ebt\u00eb zon\u00eb \u00ebsht\u00eb p\u00ebrqendruar nj\u00eb sasi e madhe energjie prandaj dikur do t\u00eb jepte nj\u00eb t\u00ebrmet t\u00eb fuqish\u00ebm. P\u00ebr fat t\u00eb mir\u00eb ndodhi n\u00eb zon\u00ebn detare dhe jo pran\u00eb Tiranes dhe k\u00ebshtu shp\u00ebtuam. Gjithsesi Shqip\u00ebria ka nj\u00eb dinamiz\u00ebm t\u00eb fuqish\u00ebm sizmik dhe duhet patjet\u00ebr t\u00eb marr\u00eb disa masa p\u00ebr t\u00eb zvog\u00ebluar rreziqet n\u00eb k\u00ebto raste. Ka teknika t\u00eb tilla .Si\u00e7 e dini un\u00eb jam edhe n\u00eb Institutin Gjeodinamik dhe n\u00eb Observatorin Komb\u00ebtar dhe do t\u00eb doja n\u00eb nj\u00eb moment t\u00eb shkoja n\u00eb Tirane dhe t\u00eb mbaja nj\u00eb leksion. T\u00eb flas p\u00ebr mund\u00ebsin\u00eb e zvog\u00eblimit t\u00eb rrezikut n\u00eb rastet e t\u00ebrmeteve t\u00eb fuqishme.<\/p>\n<p><strong>Ju si e vler\u00ebsoni situat\u00ebn ,do t\u00eb ket\u00eb edhe t\u00ebrmete t\u00eb tjera?<\/strong><\/p>\n<p><strong>Akis Tselentis \u2013<\/strong>\u00a0Jo nuk do te kemi. Besoj se ishte termeti kryesor.Por do te kemi lekundje te tjera.<\/p>\n<p><strong>Mund te influencoje ky termet per te \u201czgjuar\u201d termete te tjera ne rajon?<\/strong><\/p>\n<p>Akis Tselentis -E konsideroj te veshtire kete fakt. Por do te kete vazhdimisht lekundje per disa kohe. Dhe mundet qe nje prej ketyre lekundjeve te jete edhe me eftekte shkateruese,pasi ne se nje shtepi ose banese eshte demtuar paksa edhe me nje lekundje me te lehte mund te shembet. Do kujdes te vecante ne oret e ardheshme.<\/p>","protected":false},"excerpt":{"rendered":"<p>Gazetari i Top Channel Aleksand\u00ebr Marku ka realizuar nj\u00eb intervist\u00eb me sizmiologun grek, Akis Tselentis, i cili u citua m\u00eb her\u00ebt dhe nga presidenti Meta p\u00ebr pasoja t\u00eb tilla t\u00eb mundshme. Tselentis thot\u00eb se duhet pasur kujdes dhe se situata e tanishme nuk ishte nj\u00eb surpriz\u00eb p\u00ebr t\u00eb . Si nj\u00eb prej sizmolog\u00ebve m\u00eb me [&hellip;]<\/p>\n","protected":false},"author":2013,"featured_media":108330,"comment_status":"open","ping_status":"closed","sticky":false,"template":"","format":"standard","meta":{"footnotes":""},"categories":[241,235],"tags":[],"class_list":{"0":"post-108324","1":"post","2":"type-post","3":"status-publish","4":"format-standard","5":"has-post-thumbnail","7":"category-aktualitet","8":"category-vendi"},"_links":{"self":[{"href":"https:\/\/zjarr.tv\/en\/wp-json\/wp\/v2\/posts\/108324","targetHints":{"allow":["GET"]}}],"collection":[{"href":"https:\/\/zjarr.tv\/en\/wp-json\/wp\/v2\/posts"}],"about":[{"href":"https:\/\/zjarr.tv\/en\/wp-json\/wp\/v2\/types\/post"}],"author":[{"embeddable":true,"href":"https:\/\/zjarr.tv\/en\/wp-json\/wp\/v2\/users\/2013"}],"replies":[{"embeddable":true,"href":"https:\/\/zjarr.tv\/en\/wp-json\/wp\/v2\/comments?post=108324"}],"version-history":[{"count":0,"href":"https:\/\/zjarr.tv\/en\/wp-json\/wp\/v2\/posts\/108324\/revisions"}],"wp:featuredmedia":[{"embeddable":true,"href":"https:\/\/zjarr.tv\/en\/wp-json\/wp\/v2\/media\/108330"}],"wp:attachment":[{"href":"https:\/\/zjarr.tv\/en\/wp-json\/wp\/v2\/media?parent=108324"}],"wp:term":[{"taxonomy":"category","embeddable":true,"href":"https:\/\/zjarr.tv\/en\/wp-json\/wp\/v2\/categories?post=108324"},{"taxonomy":"post_tag","embeddable":true,"href":"https:\/\/zjarr.tv\/en\/wp-json\/wp\/v2\/tags?post=108324"}],"curies":[{"name":"wp","href":"https:\/\/api.w.org\/{rel}","templated":true}]}}