{"id":108332,"date":"2019-09-22T13:56:01","date_gmt":"2019-09-22T11:56:01","guid":{"rendered":"https:\/\/zjarr.tv\/?p=108332"},"modified":"2019-09-22T13:56:01","modified_gmt":"2019-09-22T11:56:01","slug":"lazarat-arrestohen-2-persona-qe-kultivonin-kanabis-ne-oborrin-e-shtepise","status":"publish","type":"post","link":"https:\/\/zjarr.tv\/en\/lazarat-arrestohen-2-persona-qe-kultivonin-kanabis-ne-oborrin-e-shtepise\/","title":{"rendered":"Lazarat, arrestohen 2 persona q\u00eb kultivonin kanabis n\u00eb oborrin e sht\u00ebpis\u00eb"},"content":{"rendered":"<p>Dy persona jan\u00eb arrestuar dhe nj\u00eb tjet\u00ebr shtetase \u00ebsht\u00eb proceduar n\u00eb gjendje t\u00eb lir\u00eb, n\u00eb Lazarat pasi n\u00eb oborret e \u00a0tyre policia sekuestroi kanabis.<\/p>\n<p>Policia njofton se t\u00eb arrestuarit jan\u00eb\u00a0<em>&#8220;shtetasit N.R., 60 vje\u00e7 dhe A.B., 59 vje\u00e7, t\u00eb dy banues n\u00eb fshatin Lazarat. Nd\u00ebrsa \u00ebsht\u00eb proceduar n\u00eb gjendje t\u00eb lir\u00eb shtetasia Z.H.&#8221;<\/em><\/p>\n<p>Arrestimi i tyre \u00ebsht\u00eb b\u00ebr\u00eb n\u00eb vijim t\u00eb operacionit t\u00eb policis\u00eb s\u00eb Gjirokastr\u00ebs p\u00ebr kontrollin e territorit, me q\u00ebllim parandalimin, evidentimin dhe goditjen e kultivimit t\u00eb bim\u00ebve narkotike.<\/p>\n<p>Materialet n\u00eb ngarkim t\u00eb tyre i kaluan Prokuroris\u00eb Pran\u00eb Gjykat\u00ebs s\u00eb Shkall\u00ebs s\u00eb Par\u00eb Gjirokast\u00ebr p\u00ebr vepr\u00ebn penale &#8220;Kultivim i bim\u00ebve narkotike&#8221;, parashikuar nga neni 284 i Kodit Penal.<\/p>","protected":false},"excerpt":{"rendered":"<p>Dy persona jan\u00eb arrestuar dhe nj\u00eb tjet\u00ebr shtetase \u00ebsht\u00eb proceduar n\u00eb gjendje t\u00eb lir\u00eb, n\u00eb Lazarat pasi n\u00eb oborret e \u00a0tyre policia sekuestroi kanabis. Policia njofton se t\u00eb arrestuarit jan\u00eb\u00a0&#8220;shtetasit N.R., 60 vje\u00e7 dhe A.B., 59 vje\u00e7, t\u00eb dy banues n\u00eb fshatin Lazarat. Nd\u00ebrsa \u00ebsht\u00eb proceduar n\u00eb gjendje t\u00eb lir\u00eb shtetasia Z.H.&#8221; Arrestimi i tyre [&hellip;]<\/p>\n","protected":false},"author":2013,"featured_media":108336,"comment_status":"open","ping_status":"closed","sticky":false,"template":"","format":"standard","meta":{"footnotes":""},"categories":[241,235],"tags":[],"class_list":{"0":"post-108332","1":"post","2":"type-post","3":"status-publish","4":"format-standard","5":"has-post-thumbnail","7":"category-aktualitet","8":"category-vendi"},"_links":{"self":[{"href":"https:\/\/zjarr.tv\/en\/wp-json\/wp\/v2\/posts\/108332","targetHints":{"allow":["GET"]}}],"collection":[{"href":"https:\/\/zjarr.tv\/en\/wp-json\/wp\/v2\/posts"}],"about":[{"href":"https:\/\/zjarr.tv\/en\/wp-json\/wp\/v2\/types\/post"}],"author":[{"embeddable":true,"href":"https:\/\/zjarr.tv\/en\/wp-json\/wp\/v2\/users\/2013"}],"replies":[{"embeddable":true,"href":"https:\/\/zjarr.tv\/en\/wp-json\/wp\/v2\/comments?post=108332"}],"version-history":[{"count":0,"href":"https:\/\/zjarr.tv\/en\/wp-json\/wp\/v2\/posts\/108332\/revisions"}],"wp:featuredmedia":[{"embeddable":true,"href":"https:\/\/zjarr.tv\/en\/wp-json\/wp\/v2\/media\/108336"}],"wp:attachment":[{"href":"https:\/\/zjarr.tv\/en\/wp-json\/wp\/v2\/media?parent=108332"}],"wp:term":[{"taxonomy":"category","embeddable":true,"href":"https:\/\/zjarr.tv\/en\/wp-json\/wp\/v2\/categories?post=108332"},{"taxonomy":"post_tag","embeddable":true,"href":"https:\/\/zjarr.tv\/en\/wp-json\/wp\/v2\/tags?post=108332"}],"curies":[{"name":"wp","href":"https:\/\/api.w.org\/{rel}","templated":true}]}}