{"id":108353,"date":"2019-09-22T16:21:15","date_gmt":"2019-09-22T14:21:15","guid":{"rendered":"https:\/\/zjarr.tv\/?p=108353"},"modified":"2019-09-22T16:21:15","modified_gmt":"2019-09-22T14:21:15","slug":"termeti-ministri-cakaj-falenderoj-shtetet-qe-kane-ndihmuar-shqiperine","status":"publish","type":"post","link":"https:\/\/zjarr.tv\/en\/termeti-ministri-cakaj-falenderoj-shtetet-qe-kane-ndihmuar-shqiperine\/","title":{"rendered":"T\u00ebrmeti\/ Ministri Cakaj: Fal\u00ebnderoj shtetet q\u00eb kan\u00eb ndihmuar Shqip\u00ebrin\u00eb"},"content":{"rendered":"<p>Ministri n\u00eb Detyr\u00eb p\u00ebr Evrop\u00ebn dhe Pun\u00ebt e Jashtme, Gent Cakaj n\u00ebp\u00ebrmjet nj\u00eb postimi n\u00eb rrjetet sociale ka fal\u00ebnderuar t\u00eb gjith\u00eb vendet q\u00eb kan\u00eb shprehur gatishm\u00ebrin\u00eb p\u00ebr t\u00eb ndihmuar Shqip\u00ebrin\u00eb, pas t\u00ebrmetit q\u00eb goditi vendin nj\u00eb dit\u00eb m\u00eb par\u00eb.<\/p>\n<p>Postimi i Cakajt:<\/p>\n<p>Si t\u00eb gjitha institucionet e Republik\u00ebs s\u00eb Shqip\u00ebris\u00eb, edhe Ministria p\u00ebr Evrop\u00ebn dhe Pun\u00ebt e Jashtme \u00ebsht\u00eb e angazhuar maksimalisht dhe po p\u00ebrcjell me v\u00ebmendje p\u00ebrballimin e situat\u00ebs pas t\u00ebrmeteve t\u00eb djeshme.<\/p>\n<p>Pavar\u00ebsisht d\u00ebmeve dhe shqet\u00ebsimeve, m\u00eb e r\u00ebnd\u00ebsishmja mbetet se Shqip\u00ebria nuk ka humbur asnj\u00eb jet\u00eb!<\/p>\n<p>Shpreh mir\u00ebnjohje t\u00eb thell\u00eb p\u00ebr interesimin dhe gatishm\u00ebrin\u00eb e shum\u00eb shteteve mike p\u00ebr t\u00eb ndihmuar Shqip\u00ebrin\u00eb n\u00eb k\u00ebt\u00eb sfid\u00eb!<\/p>\n<p>Nd\u00ebrkoh\u00eb q\u00eb t\u00eb gjitha institucionet shqiptare jan\u00eb n\u00eb k\u00ebmb\u00eb 24 or\u00eb n\u00eb 24 pran\u00eb qytetar\u00ebve t\u00eb prekur, edhe stafi i Ministris\u00eb p\u00ebr Evrop\u00ebn dhe Pun\u00ebt e Jashtme brenda dhe jasht\u00eb vendit i mobilizuar p\u00ebr kryerjen e detyrave t\u00eb tyre duke u gjendur pran\u00eb t\u00eb d\u00ebmtuarve n\u00eb k\u00ebt\u00eb moment t\u00eb v\u00ebshtir\u00eb!<\/p>\n<p>#Shqip\u00ebriSolidare<\/p>","protected":false},"excerpt":{"rendered":"<p>Ministri n\u00eb Detyr\u00eb p\u00ebr Evrop\u00ebn dhe Pun\u00ebt e Jashtme, Gent Cakaj n\u00ebp\u00ebrmjet nj\u00eb postimi n\u00eb rrjetet sociale ka fal\u00ebnderuar t\u00eb gjith\u00eb vendet q\u00eb kan\u00eb shprehur gatishm\u00ebrin\u00eb p\u00ebr t\u00eb ndihmuar Shqip\u00ebrin\u00eb, pas t\u00ebrmetit q\u00eb goditi vendin nj\u00eb dit\u00eb m\u00eb par\u00eb. Postimi i Cakajt: Si t\u00eb gjitha institucionet e Republik\u00ebs s\u00eb Shqip\u00ebris\u00eb, edhe Ministria p\u00ebr Evrop\u00ebn dhe [&hellip;]<\/p>\n","protected":false},"author":2013,"featured_media":60665,"comment_status":"open","ping_status":"closed","sticky":false,"template":"","format":"standard","meta":{"footnotes":""},"categories":[241,235],"tags":[],"class_list":{"0":"post-108353","1":"post","2":"type-post","3":"status-publish","4":"format-standard","5":"has-post-thumbnail","7":"category-aktualitet","8":"category-vendi"},"_links":{"self":[{"href":"https:\/\/zjarr.tv\/en\/wp-json\/wp\/v2\/posts\/108353","targetHints":{"allow":["GET"]}}],"collection":[{"href":"https:\/\/zjarr.tv\/en\/wp-json\/wp\/v2\/posts"}],"about":[{"href":"https:\/\/zjarr.tv\/en\/wp-json\/wp\/v2\/types\/post"}],"author":[{"embeddable":true,"href":"https:\/\/zjarr.tv\/en\/wp-json\/wp\/v2\/users\/2013"}],"replies":[{"embeddable":true,"href":"https:\/\/zjarr.tv\/en\/wp-json\/wp\/v2\/comments?post=108353"}],"version-history":[{"count":0,"href":"https:\/\/zjarr.tv\/en\/wp-json\/wp\/v2\/posts\/108353\/revisions"}],"wp:featuredmedia":[{"embeddable":true,"href":"https:\/\/zjarr.tv\/en\/wp-json\/wp\/v2\/media\/60665"}],"wp:attachment":[{"href":"https:\/\/zjarr.tv\/en\/wp-json\/wp\/v2\/media?parent=108353"}],"wp:term":[{"taxonomy":"category","embeddable":true,"href":"https:\/\/zjarr.tv\/en\/wp-json\/wp\/v2\/categories?post=108353"},{"taxonomy":"post_tag","embeddable":true,"href":"https:\/\/zjarr.tv\/en\/wp-json\/wp\/v2\/tags?post=108353"}],"curies":[{"name":"wp","href":"https:\/\/api.w.org\/{rel}","templated":true}]}}