{"id":108358,"date":"2019-09-22T16:29:28","date_gmt":"2019-09-22T14:29:28","guid":{"rendered":"https:\/\/zjarr.tv\/?p=108358"},"modified":"2019-09-22T16:29:28","modified_gmt":"2019-09-22T14:29:28","slug":"termeti-ne-elbasan-balla-ne-terren-jane-marre-masa-te-plota-garantuam-dhe-buxhetin","status":"publish","type":"post","link":"https:\/\/zjarr.tv\/en\/termeti-ne-elbasan-balla-ne-terren-jane-marre-masa-te-plota-garantuam-dhe-buxhetin\/","title":{"rendered":"T\u00ebrmeti n\u00eb Elbasan, Balla n\u00eb terren: Jan\u00eb marr\u00eb masa t\u00eb plota, garantuam dhe buxhetin"},"content":{"rendered":"<p>Edhe Qarku Elbasan ka rregjistruar rreth 113 banesa apo objekte t\u00eb tjera t\u00eb d\u00ebmtuara nga t\u00ebrmeti i djesh\u00ebm 5.8 ball\u00eb. Kryetari i Grupit Socialist, Taulant Balla, i shoq\u00ebruar nga deputeti Musa Ulqini dhe Kryetari i Bashkis\u00eb, Arif Tafani, ishin n\u00eb disa prej familjeve banesat e t\u00eb cilave jan\u00eb d\u00ebmtuar dje.<\/p>\n<div id=\"videoad\"><\/div>\n<div id=\"pa_1x1_psbk_1569162083257\"><\/div>\n<div id=\"sovrn\" class=\"desktop_ad ad_bottom_space\"><ins><\/ins><\/p>\n<div id=\"onetag-wrapper-3\" class=\"sovrn-onetag-ad\"><\/div>\n<\/div>\n<div class=\"galery-slider\">\n<p>&nbsp;<\/p>\n<p>&nbsp;<\/p>\n<p>&nbsp;<\/p>\n<p>&nbsp;<\/p>\n<p>&nbsp;<\/p>\n<p>&nbsp;<\/p>\n<p>&nbsp;<\/p>\n<p>&nbsp;<\/p>\n<p>&nbsp;<\/p>\n<p>&nbsp;<\/p>\n<ul class=\"slides\">\n<li class=\"flex-slider-item\" data-thumb-alt=\"\"><a href=\"https:\/\/balkanweb.com\/wp-content\/uploads\/2019\/09\/1a7b5faf-a01e-4766-9943-f212bbc01d48.jpg\" rel=\"lightbox\"><img decoding=\"async\" draggable=\"false\" src=\"https:\/\/balkanweb.com\/wp-content\/uploads\/2019\/09\/1a7b5faf-a01e-4766-9943-f212bbc01d48.jpg\" alt=\"foto galeri \" \/><\/a><\/li>\n<\/ul>\n<\/div>\n<p>N\u00eb Bashkin\u00eb Belsh jan\u00eb raportuar m\u00eb shum\u00eb banesa me d\u00ebmtime. Sipas Shtabit t\u00eb Emergjenc\u00ebs jan\u00eb 73 banesa me d\u00ebmtime n\u00eb k\u00ebt\u00eb bashki. I gjendur n\u00eb nj\u00eb prej familjeve t\u00eb prekura nga t\u00ebrmeti Taulant Balla u shpreh se jan\u00eb marr\u00eb t\u00eb gjitha masat p\u00ebr t\u00eb p\u00ebrballuar situat\u00ebn, si dhe \u00ebsht\u00eb garantuar buxheti i nevojsh\u00eb,.<\/p>\n<div id=\"sticky-video--close-button\" class=\"sticky-video--close-button-visible\">BALLA<\/div>\n<p>\u201cJemi t\u00eb gjith\u00eb n\u00eb terren p\u00ebr t\u2019ju gjendur pran\u00eb familjeve, banesat e t\u00eb cilave jan\u00eb prekur nga t\u00ebrmeti i djesh\u00ebm. Kryesisht banesat e d\u00ebmtuara jan\u00eb nd\u00ebrtime t\u00eb vjetra, sepse n\u00eb nd\u00ebrtimet e reja nuk jan\u00eb raportuar deri m\u00eb tani d\u00ebme. Duhet t\u00eb kuptojm\u00eb q\u00eb goditjet e djeshme ishin t\u00eb forta 5.8 shkalla Rihter her\u00eb 1.37 shkon af\u00ebrsiaht 7.9 ball\u00eb. Shum\u00eb pran\u00eb Shqip\u00ebris\u00eb pak vite m\u00eb par\u00eb nj\u00eb t\u00ebrmet i ngjash\u00ebm pati pasoja katastofike. Por t\u00eb gjith\u00eb e dim\u00eb q\u00eb t\u00ebrmetet jan\u00eb fatkeq\u00ebsi natyrore t\u00eb paparashikueshme. Reagimi pas tyre \u00ebsht\u00eb n\u00eb dor\u00ebn ton\u00eb. Pas panikut t\u00eb par\u00eb, Shqip\u00ebria \u00ebsht\u00eb e gjitha solidare p\u00ebr ta kaluar k\u00ebt\u00eb situat\u00eb.<\/p>\n<p>Masat e marra deri m\u00eb tani nga Qeveria jan\u00eb t\u00eb plota. Vet\u00eb Kryeministri Rama nd\u00ebrpreu vizit\u00ebn e r\u00ebnd\u00ebsishme n\u00eb SHBA dhe \u00ebsht\u00eb vet\u00eb n\u00eb krye t\u00eb shtabeve t\u00eb emergjenc\u00ebs n\u00eb Durr\u00ebs e Tiran\u00eb. Qeveria ka t\u00eb garantuar po ashtu buxhetin p\u00ebr k\u00ebt\u00eb situat\u00eb. Punonj\u00ebsit e caktuar t\u00eb Bashkis\u00eb dhe t\u00eb Qarkut do t\u00eb b\u00ebjn\u00eb evidentimin e d\u00ebmeve dhe m\u00eb pas fillon puna p\u00ebr sistemimin e d\u00ebmtimeve dhe rikthimin n\u00eb normalitet. N\u00eb disa sht\u00ebpi do t\u00eb fillojm\u00eb riparimin edhe me mb\u00ebshtetje solidariteti nga sip\u00ebrmarrja, madje edhe nga diaspora\u201d, tha Balla.<\/p>","protected":false},"excerpt":{"rendered":"<p>Edhe Qarku Elbasan ka rregjistruar rreth 113 banesa apo objekte t\u00eb tjera t\u00eb d\u00ebmtuara nga t\u00ebrmeti i djesh\u00ebm 5.8 ball\u00eb. Kryetari i Grupit Socialist, Taulant Balla, i shoq\u00ebruar nga deputeti Musa Ulqini dhe Kryetari i Bashkis\u00eb, Arif Tafani, ishin n\u00eb disa prej familjeve banesat e t\u00eb cilave jan\u00eb d\u00ebmtuar dje. &nbsp; &nbsp; &nbsp; &nbsp; &nbsp; [&hellip;]<\/p>\n","protected":false},"author":2013,"featured_media":69560,"comment_status":"open","ping_status":"closed","sticky":false,"template":"","format":"standard","meta":{"footnotes":""},"categories":[241,235],"tags":[],"class_list":{"0":"post-108358","1":"post","2":"type-post","3":"status-publish","4":"format-standard","5":"has-post-thumbnail","7":"category-aktualitet","8":"category-vendi"},"_links":{"self":[{"href":"https:\/\/zjarr.tv\/en\/wp-json\/wp\/v2\/posts\/108358","targetHints":{"allow":["GET"]}}],"collection":[{"href":"https:\/\/zjarr.tv\/en\/wp-json\/wp\/v2\/posts"}],"about":[{"href":"https:\/\/zjarr.tv\/en\/wp-json\/wp\/v2\/types\/post"}],"author":[{"embeddable":true,"href":"https:\/\/zjarr.tv\/en\/wp-json\/wp\/v2\/users\/2013"}],"replies":[{"embeddable":true,"href":"https:\/\/zjarr.tv\/en\/wp-json\/wp\/v2\/comments?post=108358"}],"version-history":[{"count":0,"href":"https:\/\/zjarr.tv\/en\/wp-json\/wp\/v2\/posts\/108358\/revisions"}],"wp:featuredmedia":[{"embeddable":true,"href":"https:\/\/zjarr.tv\/en\/wp-json\/wp\/v2\/media\/69560"}],"wp:attachment":[{"href":"https:\/\/zjarr.tv\/en\/wp-json\/wp\/v2\/media?parent=108358"}],"wp:term":[{"taxonomy":"category","embeddable":true,"href":"https:\/\/zjarr.tv\/en\/wp-json\/wp\/v2\/categories?post=108358"},{"taxonomy":"post_tag","embeddable":true,"href":"https:\/\/zjarr.tv\/en\/wp-json\/wp\/v2\/tags?post=108358"}],"curies":[{"name":"wp","href":"https:\/\/api.w.org\/{rel}","templated":true}]}}