{"id":108362,"date":"2019-09-22T17:10:43","date_gmt":"2019-09-22T15:10:43","guid":{"rendered":"https:\/\/zjarr.tv\/?p=108362"},"modified":"2019-09-22T17:10:43","modified_gmt":"2019-09-22T15:10:43","slug":"vasili-risjell-letren-e-metes-per-termetet-e-keqinterpretuan-per-te-terhequr-vemendjen-nga-vjedhja-e-30-qershorit","status":"publish","type":"post","link":"https:\/\/zjarr.tv\/en\/vasili-risjell-letren-e-metes-per-termetet-e-keqinterpretuan-per-te-terhequr-vemendjen-nga-vjedhja-e-30-qershorit\/","title":{"rendered":"Vasili risjell letr\u00ebn e Met\u00ebs p\u00ebr t\u00ebrmetet\/ E keqinterpretuan p\u00ebr t\u00eb t\u00ebrhequr v\u00ebmendjen nga vjedhja e 30 Qershorit"},"content":{"rendered":"<p>N\u00ebnkryetari i L\u00ebvizjes Socialiste p\u00ebr Integrim Petrit Vasili me an\u00eb t\u00eb nj\u00eb reagimi n\u00eb Facebook\u00a0shkruan se presidenti i vendit Ilir Meta e kishte paralajm\u00ebruar q\u00eb n\u00eb korrik nj\u00eb t\u00ebrmet t\u00eb fuqish\u00ebm p\u00ebr Shqip\u00ebrin\u00eb.<\/p>\n<p>Vasili shprehet se kreu i shtetit na at\u00eb koh\u00eb kishte th\u00ebn\u00eb se vendi rrezikohet nga t\u00ebrmeti, por Rilindja, ashtu si\u00e7 b\u00ebn p\u00ebrher\u00eb kishte injoruar k\u00ebt\u00eb paralajm\u00ebrim serioz e mjaft delikat p\u00ebr vendin.<\/p>\n<div id=\"rekl-28\"><\/div>\n<p><strong>Postimi i Petrit Vasilit:<\/strong><\/p>\n<div id=\"rekl-13\">\n<div id=\"__sap-ad-15\" class=\"__sap-ads __sap-html tracked\" data-title=\"Credins desktop 08\"><ins><\/p>\n<div id=\"beacon_61ebed166d\"><img loading=\"lazy\" decoding=\"async\" src=\"https:\/\/ads1.medium.al\/www\/delivery\/lg.php?bannerid=373&amp;campaignid=48&amp;zoneid=182&amp;loc=https%3A%2F%2Fwww.syri.net%2Fpolitike%2F282145%2Fvasili-risjell-letren-e-metes-per-termetet-e-keqinterpretuan-per-te-terhequr-vemendjen-nga-vjedhja-e-30-qershorit%2F&amp;referer=https%3A%2F%2Fwww.syri.net%2Flajme%2F&amp;cb=61ebed166d\" alt=\"\" width=\"0\" height=\"0\" \/><\/div>\n<p><\/ins><\/div>\n<\/div>\n<div id=\"rekl-4\"><\/div>\n<p>Letra e Presidentit, me e rendesishme sot se dje!!<\/p>\n<p>Vetem 7 jave me pare bazuar mbi informacionet e bera publike ne median nderkombetare nga insitucione shkencore sizmologjike, Presidenti Ilir Meta ngrinte shqetesimin per rrezikun e termeteve te forta dhe njoftoi ne rruge konfidenciale qeverine.<\/p>\n<p>Pertej vulgaritetit dhe reagimit prej kokegdh\u00ebsh te qeverise dhe mediave te sup\u00ebs se kryeministrit ne ate kohe, sot kjo leter ka interes shume me te madh se dje,ndaj duhet ta lexojme serish cfare shkruante Presidenti per kete ceshtje.<\/p>\n<p>Sigurisht ne fund te korrikut qeveria qesharake dhe hajdute e rilindjes u perpoq te keqperdorte e keqinterpretonte kete leter per terhequr vemendjen nga grabitja moniste bashkive ne 30 qershor dhe jo te vriste mendjen e te merrte masa per kete rrezik madhor.<\/p>\n<p>&nbsp;<\/p>","protected":false},"excerpt":{"rendered":"<p>N\u00ebnkryetari i L\u00ebvizjes Socialiste p\u00ebr Integrim Petrit Vasili me an\u00eb t\u00eb nj\u00eb reagimi n\u00eb Facebook\u00a0shkruan se presidenti i vendit Ilir Meta e kishte paralajm\u00ebruar q\u00eb n\u00eb korrik nj\u00eb t\u00ebrmet t\u00eb fuqish\u00ebm p\u00ebr Shqip\u00ebrin\u00eb. Vasili shprehet se kreu i shtetit na at\u00eb koh\u00eb kishte th\u00ebn\u00eb se vendi rrezikohet nga t\u00ebrmeti, por Rilindja, ashtu si\u00e7 b\u00ebn p\u00ebrher\u00eb [&hellip;]<\/p>\n","protected":false},"author":2013,"featured_media":66979,"comment_status":"open","ping_status":"closed","sticky":false,"template":"","format":"standard","meta":{"footnotes":""},"categories":[241,235],"tags":[],"class_list":{"0":"post-108362","1":"post","2":"type-post","3":"status-publish","4":"format-standard","5":"has-post-thumbnail","7":"category-aktualitet","8":"category-vendi"},"_links":{"self":[{"href":"https:\/\/zjarr.tv\/en\/wp-json\/wp\/v2\/posts\/108362","targetHints":{"allow":["GET"]}}],"collection":[{"href":"https:\/\/zjarr.tv\/en\/wp-json\/wp\/v2\/posts"}],"about":[{"href":"https:\/\/zjarr.tv\/en\/wp-json\/wp\/v2\/types\/post"}],"author":[{"embeddable":true,"href":"https:\/\/zjarr.tv\/en\/wp-json\/wp\/v2\/users\/2013"}],"replies":[{"embeddable":true,"href":"https:\/\/zjarr.tv\/en\/wp-json\/wp\/v2\/comments?post=108362"}],"version-history":[{"count":0,"href":"https:\/\/zjarr.tv\/en\/wp-json\/wp\/v2\/posts\/108362\/revisions"}],"wp:featuredmedia":[{"embeddable":true,"href":"https:\/\/zjarr.tv\/en\/wp-json\/wp\/v2\/media\/66979"}],"wp:attachment":[{"href":"https:\/\/zjarr.tv\/en\/wp-json\/wp\/v2\/media?parent=108362"}],"wp:term":[{"taxonomy":"category","embeddable":true,"href":"https:\/\/zjarr.tv\/en\/wp-json\/wp\/v2\/categories?post=108362"},{"taxonomy":"post_tag","embeddable":true,"href":"https:\/\/zjarr.tv\/en\/wp-json\/wp\/v2\/tags?post=108362"}],"curies":[{"name":"wp","href":"https:\/\/api.w.org\/{rel}","templated":true}]}}