{"id":108372,"date":"2019-09-22T18:30:02","date_gmt":"2019-09-22T16:30:02","guid":{"rendered":"https:\/\/zjarr.tv\/?p=108372"},"modified":"2019-09-22T16:45:40","modified_gmt":"2019-09-22T14:45:40","slug":"policia-franceze-arreston-dhjetera-protestues-ne-paris","status":"publish","type":"post","link":"https:\/\/zjarr.tv\/en\/policia-franceze-arreston-dhjetera-protestues-ne-paris\/","title":{"rendered":"Policia franceze arreston dhjet\u00ebra protestues n\u00eb Paris"},"content":{"rendered":"<p>Policia franceze ka hedhur gaz lotsjell\u00ebs dhe ka arrestuar dhjet\u00ebra protestues t\u00eb shtun\u00ebn t\u00eb cil\u00ebt kan\u00eb tentuar t\u00eb mbajn\u00eb protesta t\u00eb paautorizuara n\u00eb Paris.<\/p>\n<p>Qeveria e Franc\u00ebs ka vendosur nj\u00eb num\u00ebr t\u00eb madh t\u00eb polic\u00ebve p\u00ebr shkak t\u00eb frik\u00ebs se \u201cXhaketat e Verdha\u201d si vazhdim\u00ebsi e protestave kund\u00ebr ndryshimeve klimatike dhe reformave pensionale do t\u00eb mund t\u00eb shkaktonin trazira.<\/p>\n<p>Policia ka arrestuar 90 persona dhe ka shp\u00ebrndar\u00eb protestuesit t\u00eb cil\u00ebt kishin filluar t\u00eb grumbullohen.<\/p>\n<p>Protestuesit e njohur si \u201cXhaketat e Verdha\u201d, kan\u00eb mbajtur 45 protesta me radh\u00eb cdo fundjav\u00eb, derisa shum\u00eb prej tyre p\u00ebrfunduan me dhun\u00eb.<\/p>\n<p>Kjo l\u00ebvizje nisi vitin e kaluar, pas pak\u00ebnaq\u00ebsis\u00eb p\u00ebr rritjen e taks\u00ebs s\u00eb naft\u00ebs duke vazhduar pastaj n\u00eb kund\u00ebrshtim t\u00eb qeverisjes s\u00eb Macronit.<\/p>","protected":false},"excerpt":{"rendered":"<p>Policia franceze ka hedhur gaz lotsjell\u00ebs dhe ka arrestuar dhjet\u00ebra protestues t\u00eb shtun\u00ebn t\u00eb cil\u00ebt kan\u00eb tentuar t\u00eb mbajn\u00eb protesta t\u00eb paautorizuara n\u00eb Paris. Qeveria e Franc\u00ebs ka vendosur nj\u00eb num\u00ebr t\u00eb madh t\u00eb polic\u00ebve p\u00ebr shkak t\u00eb frik\u00ebs se \u201cXhaketat e Verdha\u201d si vazhdim\u00ebsi e protestave kund\u00ebr ndryshimeve klimatike dhe reformave pensionale do t\u00eb [&hellip;]<\/p>\n","protected":false},"author":2013,"featured_media":108373,"comment_status":"open","ping_status":"closed","sticky":false,"template":"","format":"standard","meta":{"footnotes":""},"categories":[241,191],"tags":[],"class_list":{"0":"post-108372","1":"post","2":"type-post","3":"status-publish","4":"format-standard","5":"has-post-thumbnail","7":"category-aktualitet","8":"category-bota"},"_links":{"self":[{"href":"https:\/\/zjarr.tv\/en\/wp-json\/wp\/v2\/posts\/108372","targetHints":{"allow":["GET"]}}],"collection":[{"href":"https:\/\/zjarr.tv\/en\/wp-json\/wp\/v2\/posts"}],"about":[{"href":"https:\/\/zjarr.tv\/en\/wp-json\/wp\/v2\/types\/post"}],"author":[{"embeddable":true,"href":"https:\/\/zjarr.tv\/en\/wp-json\/wp\/v2\/users\/2013"}],"replies":[{"embeddable":true,"href":"https:\/\/zjarr.tv\/en\/wp-json\/wp\/v2\/comments?post=108372"}],"version-history":[{"count":0,"href":"https:\/\/zjarr.tv\/en\/wp-json\/wp\/v2\/posts\/108372\/revisions"}],"wp:featuredmedia":[{"embeddable":true,"href":"https:\/\/zjarr.tv\/en\/wp-json\/wp\/v2\/media\/108373"}],"wp:attachment":[{"href":"https:\/\/zjarr.tv\/en\/wp-json\/wp\/v2\/media?parent=108372"}],"wp:term":[{"taxonomy":"category","embeddable":true,"href":"https:\/\/zjarr.tv\/en\/wp-json\/wp\/v2\/categories?post=108372"},{"taxonomy":"post_tag","embeddable":true,"href":"https:\/\/zjarr.tv\/en\/wp-json\/wp\/v2\/tags?post=108372"}],"curies":[{"name":"wp","href":"https:\/\/api.w.org\/{rel}","templated":true}]}}