{"id":108482,"date":"2019-09-23T13:50:05","date_gmt":"2019-09-23T11:50:05","guid":{"rendered":"https:\/\/zjarr.tv\/?p=108482"},"modified":"2019-09-23T13:50:05","modified_gmt":"2019-09-23T11:50:05","slug":"rrebeshe-shiu-dhe-stuhi-cfare-parashikohet-te-ndodhe-pasditen-e-sotme-ne-te-gjithe-vendin","status":"publish","type":"post","link":"https:\/\/zjarr.tv\/en\/rrebeshe-shiu-dhe-stuhi-cfare-parashikohet-te-ndodhe-pasditen-e-sotme-ne-te-gjithe-vendin\/","title":{"rendered":"Rrebeshe shiu dhe stuhi, \u00e7far\u00eb parashikohet t\u00eb ndodh\u00eb pasditen e sotme n\u00eb t\u00eb gjith\u00eb vendin"},"content":{"rendered":"<p>Pasditja e sotme do t\u00eb p\u00ebrfshihet nga nj\u00eb mot i ftoht\u00eb, me rrebeshe shiu dhe stuhi n\u00eb mbar\u00eb vendin, duke paralajm\u00ebruar zyrtarisht ardhjen e stin\u00ebs s\u00eb vjesht\u00ebs.<\/p>\n<p>Ky \u00ebsht\u00eb parashikimi m\u00eb i fundit i \u201cMeteoalb\u201d, i cili thekson se stuhit\u00eb e shiut do t\u00eb vijojn\u00eb deri mesdit\u00ebn e nes\u00ebrme, kur do t\u00eb ket\u00eb nj\u00eb dob\u00ebsim t\u00eb ndjesh\u00ebm t\u00eb intensitetit t\u00eb shirave.<\/p>\n<div id=\"pa_1x1_psbk_1569239378927\"><\/div>\n<p>\u201cRrebeshe shiu dhe stuhi-afatshkurtra ere do te perfshijne vendin ne oret e pasdites dhe deri mengjesin e se martes. Kjo situate e motit mbetet prezent deri ne mesditen e neserme KUR pritet dobesim i ndjeshem i intensitetit te shirave. Era do te jete e forte me shpejtesi mbi 65 km\/h duke sjelle probleme ne brigjet detare\u201d, thuhet n\u00eb njoftimin e \u201cMeteoalb\u201d.<\/p>","protected":false},"excerpt":{"rendered":"<p>Pasditja e sotme do t\u00eb p\u00ebrfshihet nga nj\u00eb mot i ftoht\u00eb, me rrebeshe shiu dhe stuhi n\u00eb mbar\u00eb vendin, duke paralajm\u00ebruar zyrtarisht ardhjen e stin\u00ebs s\u00eb vjesht\u00ebs. Ky \u00ebsht\u00eb parashikimi m\u00eb i fundit i \u201cMeteoalb\u201d, i cili thekson se stuhit\u00eb e shiut do t\u00eb vijojn\u00eb deri mesdit\u00ebn e nes\u00ebrme, kur do t\u00eb ket\u00eb nj\u00eb dob\u00ebsim [&hellip;]<\/p>\n","protected":false},"author":2013,"featured_media":107044,"comment_status":"open","ping_status":"closed","sticky":false,"template":"","format":"standard","meta":{"footnotes":""},"categories":[241,235],"tags":[],"class_list":{"0":"post-108482","1":"post","2":"type-post","3":"status-publish","4":"format-standard","5":"has-post-thumbnail","7":"category-aktualitet","8":"category-vendi"},"_links":{"self":[{"href":"https:\/\/zjarr.tv\/en\/wp-json\/wp\/v2\/posts\/108482","targetHints":{"allow":["GET"]}}],"collection":[{"href":"https:\/\/zjarr.tv\/en\/wp-json\/wp\/v2\/posts"}],"about":[{"href":"https:\/\/zjarr.tv\/en\/wp-json\/wp\/v2\/types\/post"}],"author":[{"embeddable":true,"href":"https:\/\/zjarr.tv\/en\/wp-json\/wp\/v2\/users\/2013"}],"replies":[{"embeddable":true,"href":"https:\/\/zjarr.tv\/en\/wp-json\/wp\/v2\/comments?post=108482"}],"version-history":[{"count":0,"href":"https:\/\/zjarr.tv\/en\/wp-json\/wp\/v2\/posts\/108482\/revisions"}],"wp:featuredmedia":[{"embeddable":true,"href":"https:\/\/zjarr.tv\/en\/wp-json\/wp\/v2\/media\/107044"}],"wp:attachment":[{"href":"https:\/\/zjarr.tv\/en\/wp-json\/wp\/v2\/media?parent=108482"}],"wp:term":[{"taxonomy":"category","embeddable":true,"href":"https:\/\/zjarr.tv\/en\/wp-json\/wp\/v2\/categories?post=108482"},{"taxonomy":"post_tag","embeddable":true,"href":"https:\/\/zjarr.tv\/en\/wp-json\/wp\/v2\/tags?post=108482"}],"curies":[{"name":"wp","href":"https:\/\/api.w.org\/{rel}","templated":true}]}}