{"id":108491,"date":"2019-09-23T13:53:01","date_gmt":"2019-09-23T11:53:01","guid":{"rendered":"https:\/\/zjarr.tv\/?p=108491"},"modified":"2019-09-23T13:53:01","modified_gmt":"2019-09-23T11:53:01","slug":"kuvendi-neser-seance-degjimore-me-gent-ibrahimin","status":"publish","type":"post","link":"https:\/\/zjarr.tv\/en\/kuvendi-neser-seance-degjimore-me-gent-ibrahimin\/","title":{"rendered":"Kuvendi nes\u00ebr seanc\u00eb d\u00ebgjimore me Gent Ibrahimin"},"content":{"rendered":"<p>Kuvendi do t\u00eb zhvilloj\u00eb nes\u00ebr nj\u00eb seanc\u00eb d\u00ebgjimore me kreun e K\u00ebshillit t\u00eb Lart\u00eb t\u00eb Prokuroris\u00eb, Gent Ibrahimi.<\/p>\n<p>Seanca d\u00ebgjimore nga Komisioni i Pavarur p\u00ebr Koordinimin, Monitorimin dhe Ndjekjen e Zbatimit t\u00eb ligjit nr.115\/2016 \u201cP\u00ebr organet e qeverisjes s\u00eb sistemit t\u00eb drejt\u00ebsis\u00eb\u201d do t\u00eb mbahet n\u00eb or\u00ebn 13:00.<\/p>\n<p>Kjo seanc\u00eb \u00ebsht\u00eb parashikuar t\u00eb zhvillohet n\u00eb ambientet e Kryesis\u00eb s\u00eb Kuvendit, salla e mbledhjeve t\u00eb Komisionit t\u00eb \u00c7\u00ebshtjeve Ligjore, Administrat\u00ebs Publike dhe t\u00eb Drejtave t\u00eb Njeriut.<\/p>","protected":false},"excerpt":{"rendered":"<p>Kuvendi do t\u00eb zhvilloj\u00eb nes\u00ebr nj\u00eb seanc\u00eb d\u00ebgjimore me kreun e K\u00ebshillit t\u00eb Lart\u00eb t\u00eb Prokuroris\u00eb, Gent Ibrahimi. Seanca d\u00ebgjimore nga Komisioni i Pavarur p\u00ebr Koordinimin, Monitorimin dhe Ndjekjen e Zbatimit t\u00eb ligjit nr.115\/2016 \u201cP\u00ebr organet e qeverisjes s\u00eb sistemit t\u00eb drejt\u00ebsis\u00eb\u201d do t\u00eb mbahet n\u00eb or\u00ebn 13:00. Kjo seanc\u00eb \u00ebsht\u00eb parashikuar t\u00eb zhvillohet n\u00eb [&hellip;]<\/p>\n","protected":false},"author":2013,"featured_media":55731,"comment_status":"open","ping_status":"closed","sticky":false,"template":"","format":"standard","meta":{"footnotes":""},"categories":[241,235],"tags":[],"class_list":{"0":"post-108491","1":"post","2":"type-post","3":"status-publish","4":"format-standard","5":"has-post-thumbnail","7":"category-aktualitet","8":"category-vendi"},"_links":{"self":[{"href":"https:\/\/zjarr.tv\/en\/wp-json\/wp\/v2\/posts\/108491","targetHints":{"allow":["GET"]}}],"collection":[{"href":"https:\/\/zjarr.tv\/en\/wp-json\/wp\/v2\/posts"}],"about":[{"href":"https:\/\/zjarr.tv\/en\/wp-json\/wp\/v2\/types\/post"}],"author":[{"embeddable":true,"href":"https:\/\/zjarr.tv\/en\/wp-json\/wp\/v2\/users\/2013"}],"replies":[{"embeddable":true,"href":"https:\/\/zjarr.tv\/en\/wp-json\/wp\/v2\/comments?post=108491"}],"version-history":[{"count":0,"href":"https:\/\/zjarr.tv\/en\/wp-json\/wp\/v2\/posts\/108491\/revisions"}],"wp:featuredmedia":[{"embeddable":true,"href":"https:\/\/zjarr.tv\/en\/wp-json\/wp\/v2\/media\/55731"}],"wp:attachment":[{"href":"https:\/\/zjarr.tv\/en\/wp-json\/wp\/v2\/media?parent=108491"}],"wp:term":[{"taxonomy":"category","embeddable":true,"href":"https:\/\/zjarr.tv\/en\/wp-json\/wp\/v2\/categories?post=108491"},{"taxonomy":"post_tag","embeddable":true,"href":"https:\/\/zjarr.tv\/en\/wp-json\/wp\/v2\/tags?post=108491"}],"curies":[{"name":"wp","href":"https:\/\/api.w.org\/{rel}","templated":true}]}}