{"id":108494,"date":"2019-09-23T14:15:16","date_gmt":"2019-09-23T12:15:16","guid":{"rendered":"https:\/\/zjarr.tv\/?p=108494"},"modified":"2019-09-23T14:15:16","modified_gmt":"2019-09-23T12:15:16","slug":"shtepi-te-shkaterruara-ne-ndroq-disa-familje-ne-qiell-te-hapur","status":"publish","type":"post","link":"https:\/\/zjarr.tv\/en\/shtepi-te-shkaterruara-ne-ndroq-disa-familje-ne-qiell-te-hapur\/","title":{"rendered":"Sht\u00ebpi t\u00eb shkat\u00ebrruara n\u00eb Ndroq, disa familje n\u00eb qiell t\u00eb hapur"},"content":{"rendered":"<p>Fshati Ndroq n\u00eb periferi t\u00eb Tiran\u00ebs, \u00ebsht\u00eb nd\u00ebr m\u00eb t\u00eb prekurit nga t\u00ebrmeti q\u00eb la jo pak pasoja. Pritet q\u00eb Emergjencat Civile t\u00eb b\u00ebjn\u00eb bilancin p\u00ebr numrin total t\u00eb sht\u00ebpive t\u00eb pabanuara, pasi deri m\u00eb tani nuk dihet shifra e sakt\u00eb. Sakaq banor\u00ebt jan\u00eb larguar, nga sht\u00ebpit\u00eb e tyre, q\u00eb jan\u00eb t\u00eb pabanueshme p\u00ebr tu strehuar n\u00eb \u00e7adra apo tek t\u00eb af\u00ebrmit.<\/p>\n<p>Ministria e Mbrojtjes ka deklaruar dit\u00ebn e shtun\u00eb se jan\u00eb rreth 915 banesa e pallate t\u00eb d\u00ebmtuara. Nuk mungojn\u00eb d\u00ebmet n\u00eb dy shkolla, nj\u00eb qend\u00ebr sh\u00ebndet\u00ebsore, kat\u00ebr automjete, nj\u00eb kabin\u00eb elektrike dhe nj\u00eb ur\u00eb e varur.<\/p>\n<p>Gjithsesi k\u00ebto jan\u00eb t\u00eb dh\u00ebna paraprake, pasi vler\u00ebsimi i d\u00ebmeve ende nuk ka p\u00ebrfunduar.<\/p>\n<p><em>*Pasojat e t\u00ebrmetit n\u00eb Ndroq p\u00ebrmes fotove:<\/em><\/p>\n<p><img loading=\"lazy\" decoding=\"async\" class=\"alignnone  wp-image-305584\" src=\"https:\/\/www.tpz.al\/wp-content\/uploads\/2019\/09\/termeti1-300x225.jpg\" sizes=\"auto, (max-width: 525px) 100vw, 525px\" srcset=\"https:\/\/www.tpz.al\/wp-content\/uploads\/2019\/09\/termeti1-300x225.jpg 300w, https:\/\/www.tpz.al\/wp-content\/uploads\/2019\/09\/termeti1.jpg 768w, https:\/\/www.tpz.al\/wp-content\/uploads\/2019\/09\/termeti1-90x67.jpg 90w\" alt=\"\" width=\"525\" height=\"394\" \/><\/p>\n<p><img loading=\"lazy\" decoding=\"async\" class=\"alignnone  wp-image-305585\" src=\"https:\/\/www.tpz.al\/wp-content\/uploads\/2019\/09\/termeti2-300x225.jpg\" sizes=\"auto, (max-width: 523px) 100vw, 523px\" srcset=\"https:\/\/www.tpz.al\/wp-content\/uploads\/2019\/09\/termeti2-300x225.jpg 300w, https:\/\/www.tpz.al\/wp-content\/uploads\/2019\/09\/termeti2.jpg 768w, https:\/\/www.tpz.al\/wp-content\/uploads\/2019\/09\/termeti2-90x67.jpg 90w\" alt=\"\" width=\"523\" height=\"392\" \/><\/p>\n<p><img loading=\"lazy\" decoding=\"async\" class=\"alignnone  wp-image-305586\" src=\"https:\/\/www.tpz.al\/wp-content\/uploads\/2019\/09\/termeti3-300x225.jpg\" sizes=\"auto, (max-width: 524px) 100vw, 524px\" srcset=\"https:\/\/www.tpz.al\/wp-content\/uploads\/2019\/09\/termeti3-300x225.jpg 300w, https:\/\/www.tpz.al\/wp-content\/uploads\/2019\/09\/termeti3.jpg 768w, https:\/\/www.tpz.al\/wp-content\/uploads\/2019\/09\/termeti3-90x67.jpg 90w\" alt=\"\" width=\"524\" height=\"393\" \/><\/p>\n<p><img loading=\"lazy\" decoding=\"async\" class=\"alignnone  wp-image-305587\" src=\"https:\/\/www.tpz.al\/wp-content\/uploads\/2019\/09\/termeti4-300x225.jpg\" sizes=\"auto, (max-width: 525px) 100vw, 525px\" srcset=\"https:\/\/www.tpz.al\/wp-content\/uploads\/2019\/09\/termeti4-300x225.jpg 300w, https:\/\/www.tpz.al\/wp-content\/uploads\/2019\/09\/termeti4-768x576.jpg 768w, https:\/\/www.tpz.al\/wp-content\/uploads\/2019\/09\/termeti4-1024x768.jpg 1024w, https:\/\/www.tpz.al\/wp-content\/uploads\/2019\/09\/termeti4-90x67.jpg 90w, https:\/\/www.tpz.al\/wp-content\/uploads\/2019\/09\/termeti4.jpg 1280w\" alt=\"\" width=\"525\" height=\"394\" \/><\/p>\n<p>&nbsp;<\/p>","protected":false},"excerpt":{"rendered":"<p>Fshati Ndroq n\u00eb periferi t\u00eb Tiran\u00ebs, \u00ebsht\u00eb nd\u00ebr m\u00eb t\u00eb prekurit nga t\u00ebrmeti q\u00eb la jo pak pasoja. Pritet q\u00eb Emergjencat Civile t\u00eb b\u00ebjn\u00eb bilancin p\u00ebr numrin total t\u00eb sht\u00ebpive t\u00eb pabanuara, pasi deri m\u00eb tani nuk dihet shifra e sakt\u00eb. Sakaq banor\u00ebt jan\u00eb larguar, nga sht\u00ebpit\u00eb e tyre, q\u00eb jan\u00eb t\u00eb pabanueshme p\u00ebr tu [&hellip;]<\/p>\n","protected":false},"author":2013,"featured_media":108500,"comment_status":"open","ping_status":"closed","sticky":false,"template":"","format":"standard","meta":{"footnotes":""},"categories":[241,235],"tags":[],"class_list":{"0":"post-108494","1":"post","2":"type-post","3":"status-publish","4":"format-standard","5":"has-post-thumbnail","7":"category-aktualitet","8":"category-vendi"},"_links":{"self":[{"href":"https:\/\/zjarr.tv\/en\/wp-json\/wp\/v2\/posts\/108494","targetHints":{"allow":["GET"]}}],"collection":[{"href":"https:\/\/zjarr.tv\/en\/wp-json\/wp\/v2\/posts"}],"about":[{"href":"https:\/\/zjarr.tv\/en\/wp-json\/wp\/v2\/types\/post"}],"author":[{"embeddable":true,"href":"https:\/\/zjarr.tv\/en\/wp-json\/wp\/v2\/users\/2013"}],"replies":[{"embeddable":true,"href":"https:\/\/zjarr.tv\/en\/wp-json\/wp\/v2\/comments?post=108494"}],"version-history":[{"count":0,"href":"https:\/\/zjarr.tv\/en\/wp-json\/wp\/v2\/posts\/108494\/revisions"}],"wp:featuredmedia":[{"embeddable":true,"href":"https:\/\/zjarr.tv\/en\/wp-json\/wp\/v2\/media\/108500"}],"wp:attachment":[{"href":"https:\/\/zjarr.tv\/en\/wp-json\/wp\/v2\/media?parent=108494"}],"wp:term":[{"taxonomy":"category","embeddable":true,"href":"https:\/\/zjarr.tv\/en\/wp-json\/wp\/v2\/categories?post=108494"},{"taxonomy":"post_tag","embeddable":true,"href":"https:\/\/zjarr.tv\/en\/wp-json\/wp\/v2\/tags?post=108494"}],"curies":[{"name":"wp","href":"https:\/\/api.w.org\/{rel}","templated":true}]}}