{"id":108497,"date":"2019-09-23T14:13:53","date_gmt":"2019-09-23T12:13:53","guid":{"rendered":"https:\/\/zjarr.tv\/?p=108497"},"modified":"2019-09-23T14:13:53","modified_gmt":"2019-09-23T12:13:53","slug":"vd-ek-ja-e-dy-punetoreve-ne-tirane-lirohet-administratori-i-skela-syla","status":"publish","type":"post","link":"https:\/\/zjarr.tv\/en\/vd-ek-ja-e-dy-punetoreve-ne-tirane-lirohet-administratori-i-skela-syla\/","title":{"rendered":"Vd.ek.ja e dy pun\u00ebtor\u00ebve n\u00eb Tiran\u00eb, lirohet administratori i \u201cSkela Syla\u201d"},"content":{"rendered":"<p>Petrit Syla, administrator i firm\u00ebs \u201cSkela Syla\u201d, \u00ebsht\u00eb liruar sot nga qelia me vendim t\u00eb Gjykat\u00ebs s\u00eb Apelit.<\/p>\n<p>Vendimi \u00ebsht\u00eb marr\u00eb nga trupa gjykuese e p\u00ebrb\u00ebr\u00eb nga gjyqtar\u00ebt Artur Gaxhi, Flutura Sk\u00ebnderi dhe Gramoz Levanaj.<\/p>\n<p>Syla ishte l\u00ebn\u00eb n\u00eb mas\u00ebn e siguris\u00eb \u201carrest me burg\u201d nga Gjykata e Shkall\u00ebs s\u00eb Par\u00eb, p\u00ebr shkak se dyshohej p\u00ebr shkeljeve t\u00eb rregullave t\u00eb siguris\u00eb n\u00eb pun\u00eb, pas incidentit fatal nga shembja e skel\u00ebs n\u00eb nj\u00eb pallat t\u00eb Tiran\u00ebs, q\u00eb i kushtoi jet\u00ebn dy pun\u00ebtor\u00ebve m\u00eb 16 dat\u00eb gusht.<\/p>\n<p>Avokati i biznesmenit, Mirash Ndoci, e apeloi vendimin duke th\u00ebn\u00eb se ndalimi i Syl\u00ebs ishte i paligjsh\u00ebm dhe se p\u00ebrgjegj\u00ebsia p\u00ebr ngjarjen pran\u00eb rrug\u00ebs s\u00eb Elbasanit n\u00eb kryeqytet, nuk bie mbi administratorin.<\/p>","protected":false},"excerpt":{"rendered":"<p>Petrit Syla, administrator i firm\u00ebs \u201cSkela Syla\u201d, \u00ebsht\u00eb liruar sot nga qelia me vendim t\u00eb Gjykat\u00ebs s\u00eb Apelit. Vendimi \u00ebsht\u00eb marr\u00eb nga trupa gjykuese e p\u00ebrb\u00ebr\u00eb nga gjyqtar\u00ebt Artur Gaxhi, Flutura Sk\u00ebnderi dhe Gramoz Levanaj. Syla ishte l\u00ebn\u00eb n\u00eb mas\u00ebn e siguris\u00eb \u201carrest me burg\u201d nga Gjykata e Shkall\u00ebs s\u00eb Par\u00eb, p\u00ebr shkak se dyshohej [&hellip;]<\/p>\n","protected":false},"author":2013,"featured_media":108498,"comment_status":"open","ping_status":"closed","sticky":false,"template":"","format":"standard","meta":{"footnotes":""},"categories":[241,235],"tags":[],"class_list":{"0":"post-108497","1":"post","2":"type-post","3":"status-publish","4":"format-standard","5":"has-post-thumbnail","7":"category-aktualitet","8":"category-vendi"},"_links":{"self":[{"href":"https:\/\/zjarr.tv\/en\/wp-json\/wp\/v2\/posts\/108497","targetHints":{"allow":["GET"]}}],"collection":[{"href":"https:\/\/zjarr.tv\/en\/wp-json\/wp\/v2\/posts"}],"about":[{"href":"https:\/\/zjarr.tv\/en\/wp-json\/wp\/v2\/types\/post"}],"author":[{"embeddable":true,"href":"https:\/\/zjarr.tv\/en\/wp-json\/wp\/v2\/users\/2013"}],"replies":[{"embeddable":true,"href":"https:\/\/zjarr.tv\/en\/wp-json\/wp\/v2\/comments?post=108497"}],"version-history":[{"count":0,"href":"https:\/\/zjarr.tv\/en\/wp-json\/wp\/v2\/posts\/108497\/revisions"}],"wp:featuredmedia":[{"embeddable":true,"href":"https:\/\/zjarr.tv\/en\/wp-json\/wp\/v2\/media\/108498"}],"wp:attachment":[{"href":"https:\/\/zjarr.tv\/en\/wp-json\/wp\/v2\/media?parent=108497"}],"wp:term":[{"taxonomy":"category","embeddable":true,"href":"https:\/\/zjarr.tv\/en\/wp-json\/wp\/v2\/categories?post=108497"},{"taxonomy":"post_tag","embeddable":true,"href":"https:\/\/zjarr.tv\/en\/wp-json\/wp\/v2\/tags?post=108497"}],"curies":[{"name":"wp","href":"https:\/\/api.w.org\/{rel}","templated":true}]}}