{"id":108506,"date":"2019-09-23T14:46:24","date_gmt":"2019-09-23T12:46:24","guid":{"rendered":"https:\/\/zjarr.tv\/?p=108506"},"modified":"2019-09-23T14:46:24","modified_gmt":"2019-09-23T12:46:24","slug":"te-carat-ne-muzeun-kombetar-ministrja-e-kultures-nuk-ka-rrezik-problemet-ne-zonat-e-parashikuara","status":"publish","type":"post","link":"https:\/\/zjarr.tv\/en\/te-carat-ne-muzeun-kombetar-ministrja-e-kultures-nuk-ka-rrezik-problemet-ne-zonat-e-parashikuara\/","title":{"rendered":"T\u00eb \u00e7arat n\u00eb Muzeun Komb\u00ebtar, ministrja e Kultur\u00ebs: Nuk ka rrezik, problemet n\u00eb zonat e parashikuara!"},"content":{"rendered":"<p>Ministrja e Kultur\u00ebs, Elva Margariti p\u00ebrmes nj\u00eb komunikimi p\u00ebr mediat dha nj\u00eb pasqyr\u00eb t\u00eb p\u00ebrgjithshme p\u00ebr gjendjen e institucioneve kulturore t\u00eb vendit, t\u00eb cilat kan\u00eb p\u00ebsuar d\u00ebmtime nga t\u00ebrmeti i fundjav\u00ebs q\u00eb shkoi.<\/p>\n<p>Gjithashtu ministrja e Kultur\u00ebs foli edhe p\u00ebr godin\u00ebn e Muzeut Historik Komb\u00ebtar, ku shtoi se t\u00eb \u00e7arat n\u00eb mure jan\u00eb brenda parametrave t\u00eb parashikuar dhe nuk p\u00ebrb\u00ebjn\u00eb asnj\u00eb rrezik p\u00ebr vizitor\u00ebt dhe qytetar\u00ebt.<\/p>\n<div id=\"sovrn\" class=\"desktop_ad ad_bottom_space\"><ins><\/ins><\/p>\n<div id=\"onetag-wrapper-3\" class=\"sovrn-onetag-ad\"><\/div>\n<\/div>\n<p>\u201cU koordinua puna n\u00eb koh\u00eb reale. Un\u00eb vet\u00eb q\u00eb n\u00eb dit\u00ebn e par\u00eb jam gjendur n\u00eb Muzeun Komb\u00ebtar, i cili na rezultonte si godina q\u00eb mund t\u00eb kishte problematika m\u00eb t\u00eb shumta, megjithat\u00eb u verifikuan me inxhinier\u00eb t\u00eb shumt\u00eb q\u00eb problemet jan\u00eb shfaqur atje ku godina ishte projektuar p\u00ebr t\u00eb reaguar n\u00eb rast t\u00ebrmeti\u201d-tha mes tjerash ministrja.<\/p>","protected":false},"excerpt":{"rendered":"<p>Ministrja e Kultur\u00ebs, Elva Margariti p\u00ebrmes nj\u00eb komunikimi p\u00ebr mediat dha nj\u00eb pasqyr\u00eb t\u00eb p\u00ebrgjithshme p\u00ebr gjendjen e institucioneve kulturore t\u00eb vendit, t\u00eb cilat kan\u00eb p\u00ebsuar d\u00ebmtime nga t\u00ebrmeti i fundjav\u00ebs q\u00eb shkoi. Gjithashtu ministrja e Kultur\u00ebs foli edhe p\u00ebr godin\u00ebn e Muzeut Historik Komb\u00ebtar, ku shtoi se t\u00eb \u00e7arat n\u00eb mure jan\u00eb brenda parametrave [&hellip;]<\/p>\n","protected":false},"author":2013,"featured_media":108507,"comment_status":"open","ping_status":"closed","sticky":false,"template":"","format":"standard","meta":{"footnotes":""},"categories":[241,235],"tags":[],"class_list":{"0":"post-108506","1":"post","2":"type-post","3":"status-publish","4":"format-standard","5":"has-post-thumbnail","7":"category-aktualitet","8":"category-vendi"},"_links":{"self":[{"href":"https:\/\/zjarr.tv\/en\/wp-json\/wp\/v2\/posts\/108506","targetHints":{"allow":["GET"]}}],"collection":[{"href":"https:\/\/zjarr.tv\/en\/wp-json\/wp\/v2\/posts"}],"about":[{"href":"https:\/\/zjarr.tv\/en\/wp-json\/wp\/v2\/types\/post"}],"author":[{"embeddable":true,"href":"https:\/\/zjarr.tv\/en\/wp-json\/wp\/v2\/users\/2013"}],"replies":[{"embeddable":true,"href":"https:\/\/zjarr.tv\/en\/wp-json\/wp\/v2\/comments?post=108506"}],"version-history":[{"count":0,"href":"https:\/\/zjarr.tv\/en\/wp-json\/wp\/v2\/posts\/108506\/revisions"}],"wp:featuredmedia":[{"embeddable":true,"href":"https:\/\/zjarr.tv\/en\/wp-json\/wp\/v2\/media\/108507"}],"wp:attachment":[{"href":"https:\/\/zjarr.tv\/en\/wp-json\/wp\/v2\/media?parent=108506"}],"wp:term":[{"taxonomy":"category","embeddable":true,"href":"https:\/\/zjarr.tv\/en\/wp-json\/wp\/v2\/categories?post=108506"},{"taxonomy":"post_tag","embeddable":true,"href":"https:\/\/zjarr.tv\/en\/wp-json\/wp\/v2\/tags?post=108506"}],"curies":[{"name":"wp","href":"https:\/\/api.w.org\/{rel}","templated":true}]}}