{"id":108509,"date":"2019-09-23T15:28:24","date_gmt":"2019-09-23T13:28:24","guid":{"rendered":"https:\/\/zjarr.tv\/?p=108509"},"modified":"2019-09-23T15:28:24","modified_gmt":"2019-09-23T13:28:24","slug":"perplasen-tre-automjete-ne-elbasan","status":"publish","type":"post","link":"https:\/\/zjarr.tv\/en\/perplasen-tre-automjete-ne-elbasan\/","title":{"rendered":"P\u00ebrplasen tre automjete n\u00eb Elbasan"},"content":{"rendered":"<p>Nj\u00eb person humbi jet\u00ebn nd\u00ebrsa 4 t\u00eb tjer\u00eb u\u00a0plagos\u00ebn n\u00eb nj\u00eb aksident t\u00eb trefisht\u00eb n\u00eb aksin Elbasan-Peqin t\u00eb ndodhur rreth or\u00ebs 15:00.<\/p>\n<p>Ngjarja ka ndodhur n\u00eb fshatin Pap\u00ebr kur jan\u00eb p\u00ebrplasur 3 makina.<\/p>\n<p>Nj\u00ebri prej mjeteve ka p\u00ebrfunduar n\u00eb kanal. Nd\u00ebrsa nj\u00eb person ka mbetur brenda n\u00eb makin\u00eb.<\/p>\n<p>Drejt vendngjarjes jan\u00eb nisur forcat zjarrfik\u00ebse dhe policia.<\/p>\n<p>Forcat e policis\u00eb informojn\u00eb se ka humbur jet\u00ebn nj\u00eb vajz\u00eb 25 vje\u00e7are.<\/p>","protected":false},"excerpt":{"rendered":"<p>Nj\u00eb person humbi jet\u00ebn nd\u00ebrsa 4 t\u00eb tjer\u00eb u\u00a0plagos\u00ebn n\u00eb nj\u00eb aksident t\u00eb trefisht\u00eb n\u00eb aksin Elbasan-Peqin t\u00eb ndodhur rreth or\u00ebs 15:00. Ngjarja ka ndodhur n\u00eb fshatin Pap\u00ebr kur jan\u00eb p\u00ebrplasur 3 makina. Nj\u00ebri prej mjeteve ka p\u00ebrfunduar n\u00eb kanal. Nd\u00ebrsa nj\u00eb person ka mbetur brenda n\u00eb makin\u00eb. Drejt vendngjarjes jan\u00eb nisur forcat zjarrfik\u00ebse dhe [&hellip;]<\/p>\n","protected":false},"author":2013,"featured_media":66936,"comment_status":"open","ping_status":"closed","sticky":false,"template":"","format":"standard","meta":{"footnotes":""},"categories":[241,235],"tags":[],"class_list":{"0":"post-108509","1":"post","2":"type-post","3":"status-publish","4":"format-standard","5":"has-post-thumbnail","7":"category-aktualitet","8":"category-vendi"},"_links":{"self":[{"href":"https:\/\/zjarr.tv\/en\/wp-json\/wp\/v2\/posts\/108509","targetHints":{"allow":["GET"]}}],"collection":[{"href":"https:\/\/zjarr.tv\/en\/wp-json\/wp\/v2\/posts"}],"about":[{"href":"https:\/\/zjarr.tv\/en\/wp-json\/wp\/v2\/types\/post"}],"author":[{"embeddable":true,"href":"https:\/\/zjarr.tv\/en\/wp-json\/wp\/v2\/users\/2013"}],"replies":[{"embeddable":true,"href":"https:\/\/zjarr.tv\/en\/wp-json\/wp\/v2\/comments?post=108509"}],"version-history":[{"count":0,"href":"https:\/\/zjarr.tv\/en\/wp-json\/wp\/v2\/posts\/108509\/revisions"}],"wp:featuredmedia":[{"embeddable":true,"href":"https:\/\/zjarr.tv\/en\/wp-json\/wp\/v2\/media\/66936"}],"wp:attachment":[{"href":"https:\/\/zjarr.tv\/en\/wp-json\/wp\/v2\/media?parent=108509"}],"wp:term":[{"taxonomy":"category","embeddable":true,"href":"https:\/\/zjarr.tv\/en\/wp-json\/wp\/v2\/categories?post=108509"},{"taxonomy":"post_tag","embeddable":true,"href":"https:\/\/zjarr.tv\/en\/wp-json\/wp\/v2\/tags?post=108509"}],"curies":[{"name":"wp","href":"https:\/\/api.w.org\/{rel}","templated":true}]}}