{"id":108516,"date":"2019-09-23T16:22:53","date_gmt":"2019-09-23T14:22:53","guid":{"rendered":"https:\/\/zjarr.tv\/?p=108516"},"modified":"2019-09-23T16:22:53","modified_gmt":"2019-09-23T14:22:53","slug":"mesazhi-i-metes-qeveria-te-therrase-agjencine-atomike-nderkombetare-te-vleresoje-sigurimin-e-banesave","status":"publish","type":"post","link":"https:\/\/zjarr.tv\/en\/mesazhi-i-metes-qeveria-te-therrase-agjencine-atomike-nderkombetare-te-vleresoje-sigurimin-e-banesave\/","title":{"rendered":"Mesazhi i Met\u00ebs: Qeveria t\u00eb th\u00ebrras\u00eb Agjencin\u00eb Atomike Nd\u00ebrkomb\u00ebtare t\u00eb vler\u00ebsoj\u00eb sigurimin e banesave"},"content":{"rendered":"<p>Presidenti i Republik\u00ebs, Ilir Meta, ka l\u00ebshuar edhe nj\u00eb tjet\u00ebr mesazh qet\u00ebsie pas situat\u00ebs s\u00eb jasht\u00ebzakonshme t\u00eb ndodhur n\u00eb dy dit\u00ebt e fundit, ku Shqip\u00ebria u godit nga nj\u00eb val\u00eb l\u00ebkundjesh t\u00ebrmeti si edhe t\u00eb gjith\u00eb duhet t\u00eb shtojn\u00eb kontributet pozitive dhe solidare n\u00eb baz\u00eb t\u00eb p\u00ebrgjegj\u00ebsive institucionale, politike, shoq\u00ebrore dhe qytetare.<\/p>\n<p>\u2018Presidenti i Republik\u00ebs Sh.T.Z Ilir Meta vler\u00ebson ruajtjen e qet\u00ebsis\u00eb nga t\u00eb gjith\u00eb dhe r\u00ebnd\u00ebsin\u00eb e frym\u00ebs s\u00eb bashk\u00ebpunimit dhe solidaritetit njer\u00ebzor, pa p\u00ebrjashtim, nga aktor\u00ebt institucional\u00eb, politik\u00eb, shoq\u00ebror\u00eb dhe mediatik\u00eb, p\u00ebr normalizimin e plot\u00eb t\u00eb situat\u00ebs, pas tronditjeve t\u00eb dit\u00ebve t\u00eb fundit.<\/p>\n<div class=\"in-artile-read-more\"><\/div>\n<p>Transparenca dhe p\u00ebrgjegjshm\u00ebria maksimale p\u00ebr evidentimin e pasojave \u00ebsht\u00eb tep\u00ebr e r\u00ebnd\u00ebsishme n\u00eb k\u00ebto momente.<\/p>\n<div id=\"rekl-13\">\n<div id=\"__sap-ad-15\" class=\"__sap-ads __sap-html tracked\" data-title=\"Credins desktop 08\"><ins><\/p>\n<div id=\"beacon_ae03ae4f00\"><img loading=\"lazy\" decoding=\"async\" src=\"https:\/\/ads1.medium.al\/www\/delivery\/lg.php?bannerid=373&amp;campaignid=48&amp;zoneid=182&amp;loc=https%3A%2F%2Fwww.syri.net%2Fpolitike%2F282291%2Fmesazhi-i-metes-qeveria-te-therrase-agjencine-atomike-nderkombetare-te-vleresoje-sigurimin-e-banesave%2F&amp;referer=https%3A%2F%2Fwww.syri.net%2Flajme%2F&amp;cb=ae03ae4f00\" alt=\"\" width=\"0\" height=\"0\" \/><\/div>\n<p><\/ins><\/div>\n<\/div>\n<p>N\u00eb ve\u00e7anti, vler\u00ebsimi teknik i banesave, pallateve dhe godinave t\u00eb d\u00ebmtuara \u00ebsht\u00eb tep\u00ebr i domosdosh\u00ebm p\u00ebr t\u00eb ardhmen.<\/p>\n<p>Ndaj duke vler\u00ebsuar dhe solidaritetin e vendeve partnere dhe Bashkimit Europian, Presidenti Meta i k\u00ebrkon qeveris\u00eb t\u00eb ftoj\u00eb zyrtarisht edhe Agjencin\u00eb Nd\u00ebrkomb\u00ebtare t\u00eb Energjis\u00eb Atomike, q\u00eb ka kapacitetet e duhura p\u00ebr t\u00eb p\u00ebrcaktuar sigurin\u00eb dhe rezistenc\u00ebn e banesave, pallateve dhe godinave t\u00eb d\u00ebmtuara nga kjo fatkeq\u00ebsi natyrore.<\/p>\n<p>Keqp\u00ebrdorimi nga kushdo i k\u00ebsaj situate, nuk \u00ebsht\u00eb rruga e duhur p\u00ebr t\u00eb p\u00ebrballuar nj\u00eb shqet\u00ebsim t\u00eb p\u00ebrgjithsh\u00ebm, n\u00eb m\u00ebnyr\u00eb t\u00eb bashkuar dhe t\u00eb p\u00ebrgjegjshme, vet\u00ebm n\u00eb interes t\u00eb qytetar\u00ebve t\u00eb traumatizuar nga tronditjet dhe pasojat n\u00eb banesat e pronat e tyre.<\/p>\n<p>T\u00eb gjith\u00eb duhet t\u00eb shtojn\u00eb kontributet pozitive dhe solidare n\u00eb baz\u00eb t\u00eb p\u00ebrgjegj\u00ebsive institucionale, politike, shoq\u00ebrore dhe qytetare.<\/p>","protected":false},"excerpt":{"rendered":"<p>Presidenti i Republik\u00ebs, Ilir Meta, ka l\u00ebshuar edhe nj\u00eb tjet\u00ebr mesazh qet\u00ebsie pas situat\u00ebs s\u00eb jasht\u00ebzakonshme t\u00eb ndodhur n\u00eb dy dit\u00ebt e fundit, ku Shqip\u00ebria u godit nga nj\u00eb val\u00eb l\u00ebkundjesh t\u00ebrmeti si edhe t\u00eb gjith\u00eb duhet t\u00eb shtojn\u00eb kontributet pozitive dhe solidare n\u00eb baz\u00eb t\u00eb p\u00ebrgjegj\u00ebsive institucionale, politike, shoq\u00ebrore dhe qytetare. \u2018Presidenti i Republik\u00ebs [&hellip;]<\/p>\n","protected":false},"author":2013,"featured_media":85288,"comment_status":"open","ping_status":"closed","sticky":false,"template":"","format":"standard","meta":{"footnotes":""},"categories":[241,235],"tags":[],"class_list":{"0":"post-108516","1":"post","2":"type-post","3":"status-publish","4":"format-standard","5":"has-post-thumbnail","7":"category-aktualitet","8":"category-vendi"},"_links":{"self":[{"href":"https:\/\/zjarr.tv\/en\/wp-json\/wp\/v2\/posts\/108516","targetHints":{"allow":["GET"]}}],"collection":[{"href":"https:\/\/zjarr.tv\/en\/wp-json\/wp\/v2\/posts"}],"about":[{"href":"https:\/\/zjarr.tv\/en\/wp-json\/wp\/v2\/types\/post"}],"author":[{"embeddable":true,"href":"https:\/\/zjarr.tv\/en\/wp-json\/wp\/v2\/users\/2013"}],"replies":[{"embeddable":true,"href":"https:\/\/zjarr.tv\/en\/wp-json\/wp\/v2\/comments?post=108516"}],"version-history":[{"count":0,"href":"https:\/\/zjarr.tv\/en\/wp-json\/wp\/v2\/posts\/108516\/revisions"}],"wp:featuredmedia":[{"embeddable":true,"href":"https:\/\/zjarr.tv\/en\/wp-json\/wp\/v2\/media\/85288"}],"wp:attachment":[{"href":"https:\/\/zjarr.tv\/en\/wp-json\/wp\/v2\/media?parent=108516"}],"wp:term":[{"taxonomy":"category","embeddable":true,"href":"https:\/\/zjarr.tv\/en\/wp-json\/wp\/v2\/categories?post=108516"},{"taxonomy":"post_tag","embeddable":true,"href":"https:\/\/zjarr.tv\/en\/wp-json\/wp\/v2\/tags?post=108516"}],"curies":[{"name":"wp","href":"https:\/\/api.w.org\/{rel}","templated":true}]}}