{"id":108522,"date":"2019-09-23T18:30:23","date_gmt":"2019-09-23T16:30:23","guid":{"rendered":"https:\/\/zjarr.tv\/?p=108522"},"modified":"2019-09-23T15:15:01","modified_gmt":"2019-09-23T13:15:01","slug":"mogherini-mbeshtet-vazhdimin-e-dialogut-kosove-serbi","status":"publish","type":"post","link":"https:\/\/zjarr.tv\/en\/mogherini-mbeshtet-vazhdimin-e-dialogut-kosove-serbi\/","title":{"rendered":"Mogherini mb\u00ebshtet vazhdimin e dialogut Kosov\u00eb-Serbi"},"content":{"rendered":"<p><strong>Shefja e politik\u00ebs s\u00eb jashtme t\u00eb Bashkimit Evropian, Federica Mogherini, mbajti nj\u00eb takim me udh\u00ebheq\u00ebsit e Ballkanit Per\u00ebndimor, ku u shpreh mb\u00ebshtetje p\u00ebr vazhdimin e dialogut p\u00ebr normalizimin e marr\u00ebdh\u00ebnieve midis Kosov\u00ebs dhe Serbis\u00eb.<\/strong><\/p>\n<p>Sh\u00ebrbimi p\u00ebr Pun\u00eb t\u00eb Jashtme i BE-s\u00eb njoftoi t\u00eb h\u00ebn\u00ebn se takimi u zhvillua n\u00eb margjina t\u00eb Asambles\u00eb s\u00eb P\u00ebrgjithshme t\u00eb Kombeve t\u00eb Bashkuara n\u00eb Nju Jork.<\/p>\n<p>\u201cN\u00eb takim u shpreh mb\u00ebshtetje p\u00ebr vazhdimin e dialogut midis Beogradit dhe Prishtin\u00ebs dhe p\u00ebr arritjen e shpejt\u00eb t\u00eb nj\u00eb marr\u00ebveshjeje ligj\u00ebrisht t\u00eb detyrueshme p\u00ebr normalizimin e plot\u00eb t\u00eb marr\u00ebdh\u00ebnieve\u201d, thuhet n\u00eb komunikat\u00eb.<\/p>\n<p>N\u00eb takim mor\u00ebn pjes\u00eb: presidenti i Kosov\u00ebs, Hashim Tha\u00e7i, ministri i Jasht\u00ebm i Serbis\u00eb, Ivica Da\u00e7iq, kryeministri i Maqedonis\u00eb s\u00eb Veriut, Zoran Zaev, si dhe zyrtar\u00eb nga Shqip\u00ebria dhe Bosnje e Hercegovina, raporton rel.<\/p>\n<p>B\u00ebhet e ditur se pal\u00ebt shpreh\u00ebn mb\u00ebshtetje edhe p\u00ebr hapjen e negociatave t\u00eb an\u00ebtar\u00ebsimit midis Shqip\u00ebris\u00eb dhe BE-s\u00eb dhe Maqedonis\u00eb s\u00eb Veriut dhe BE-s\u00eb.<\/p>","protected":false},"excerpt":{"rendered":"<p>Shefja e politik\u00ebs s\u00eb jashtme t\u00eb Bashkimit Evropian, Federica Mogherini, mbajti nj\u00eb takim me udh\u00ebheq\u00ebsit e Ballkanit Per\u00ebndimor, ku u shpreh mb\u00ebshtetje p\u00ebr vazhdimin e dialogut p\u00ebr normalizimin e marr\u00ebdh\u00ebnieve midis Kosov\u00ebs dhe Serbis\u00eb. Sh\u00ebrbimi p\u00ebr Pun\u00eb t\u00eb Jashtme i BE-s\u00eb njoftoi t\u00eb h\u00ebn\u00ebn se takimi u zhvillua n\u00eb margjina t\u00eb Asambles\u00eb s\u00eb P\u00ebrgjithshme t\u00eb [&hellip;]<\/p>\n","protected":false},"author":2013,"featured_media":49267,"comment_status":"open","ping_status":"closed","sticky":false,"template":"","format":"standard","meta":{"footnotes":""},"categories":[241,2],"tags":[],"class_list":{"0":"post-108522","1":"post","2":"type-post","3":"status-publish","4":"format-standard","5":"has-post-thumbnail","7":"category-aktualitet","8":"category-rajoni"},"_links":{"self":[{"href":"https:\/\/zjarr.tv\/en\/wp-json\/wp\/v2\/posts\/108522","targetHints":{"allow":["GET"]}}],"collection":[{"href":"https:\/\/zjarr.tv\/en\/wp-json\/wp\/v2\/posts"}],"about":[{"href":"https:\/\/zjarr.tv\/en\/wp-json\/wp\/v2\/types\/post"}],"author":[{"embeddable":true,"href":"https:\/\/zjarr.tv\/en\/wp-json\/wp\/v2\/users\/2013"}],"replies":[{"embeddable":true,"href":"https:\/\/zjarr.tv\/en\/wp-json\/wp\/v2\/comments?post=108522"}],"version-history":[{"count":0,"href":"https:\/\/zjarr.tv\/en\/wp-json\/wp\/v2\/posts\/108522\/revisions"}],"wp:featuredmedia":[{"embeddable":true,"href":"https:\/\/zjarr.tv\/en\/wp-json\/wp\/v2\/media\/49267"}],"wp:attachment":[{"href":"https:\/\/zjarr.tv\/en\/wp-json\/wp\/v2\/media?parent=108522"}],"wp:term":[{"taxonomy":"category","embeddable":true,"href":"https:\/\/zjarr.tv\/en\/wp-json\/wp\/v2\/categories?post=108522"},{"taxonomy":"post_tag","embeddable":true,"href":"https:\/\/zjarr.tv\/en\/wp-json\/wp\/v2\/tags?post=108522"}],"curies":[{"name":"wp","href":"https:\/\/api.w.org\/{rel}","templated":true}]}}