{"id":108532,"date":"2019-09-23T19:10:29","date_gmt":"2019-09-23T17:10:29","guid":{"rendered":"https:\/\/zjarr.tv\/?p=108532"},"modified":"2019-09-23T15:18:55","modified_gmt":"2019-09-23T13:18:55","slug":"presidenti-kolumbian-e-krahason-nicolas-maduron-me-sllobodan-miloseviqin","status":"publish","type":"post","link":"https:\/\/zjarr.tv\/en\/presidenti-kolumbian-e-krahason-nicolas-maduron-me-sllobodan-miloseviqin\/","title":{"rendered":"Presidenti kolumbian e krahason Nicolas Maduron me Sllobodan Miloseviqin"},"content":{"rendered":"<p><strong>Presidenti i Kolumbis\u00eb e ka krahasuar Nicolas Maduron me kriminelin e luft\u00ebs Sllobodan Milosheviq nd\u00ebrsa ai shkon n\u00eb nj\u00eb ofensiv\u00eb diplomatike ndaj socialistit t\u00eb Venezuel\u00ebs, duke paralajm\u00ebruar se ai do t\u00eb b\u00ebnte nj\u00eb gabim \u201cprej budallai\u201d n\u00ebse do t\u00eb sulmonte fqinjin e tij t\u00eb mb\u00ebshtetur nga SHBA.<\/strong><\/p>\n<p>Sipas mediave t\u00eb huaja, Ivan Duque i b\u00ebri komentet n\u00eb nj\u00eb intervist\u00eb t\u00eb shtun\u00ebn me The Associated Press p\u00ebrpara se t\u00eb udh\u00ebtonte n\u00eb New York, ku pritet t\u00eb d\u00ebnoj\u00eb Maduron para Asambles\u00eb s\u00eb P\u00ebrgjithshme t\u00eb Kombeve t\u00eb Bashkuara si nj\u00eb autokrat abuziv.<\/p>\n<p>Hummus shum\u00eb i pasuruar me vitamina dhe minerale, rrit imunitetin<\/p>\n<p>E SPONSORUARLEXO M\u00cb SHUM\u00cb<\/p>\n<p>Duque beson se Maduro nuk \u00ebsht\u00eb vet\u00ebm p\u00ebrgjegj\u00ebs p\u00ebr katastrof\u00ebn humanitare t\u00eb vendit, por \u00ebsht\u00eb gjithashtu nj\u00eb k\u00ebrc\u00ebnim p\u00ebr stabilitetin rajonal p\u00ebr strehimin e supozuar t\u00eb rebel\u00ebve kolumbian\u00eb.<\/p>\n<p>\u201cBrutaliteti i Nicolas Maduro \u00ebsht\u00eb i krahasuesh\u00ebm me t\u00eb Sllobodan Milosheviqit\u201d, citohet t\u00eb ket\u00eb th\u00ebn\u00eb Duque, i cili i ka b\u00ebr\u00eb thirrje Gjykat\u00ebs Penale Nd\u00ebrkomb\u00ebtare t\u00eb hetoj\u00eb Maduron p\u00ebr abuzime t\u00eb t\u00eb drejtave t\u00eb njeriut.<\/p>\n<p>\u201cDuhet t\u00eb marr\u00eb fund\u201d, ka shtuar ai.<\/p>\n<p>Nd\u00ebrsa Duque refuzoi t\u00eb p\u00ebrjashtonte nj\u00eb sulm ushtarak kund\u00ebr \u201crebel\u00ebve Marksist\u00eb\u201d p\u00ebr t\u00eb cil\u00ebt ai pretendon se fshihen p\u00ebrtej kufirit, ai tha se \u00e7do agresion nga forcat e armatosura t\u00eb Venezuel\u00ebs menj\u00ebher\u00eb do t\u00eb shkaktonte nj\u00eb reagim rajonal q\u00eb mund t\u00eb p\u00ebrfshij\u00eb sanksione shtes\u00eb dhe veprime diplomatike.<\/p>\n<p>\u201cN\u00ebse ata konsiderojn\u00eb t\u00eb b\u00ebjn\u00eb ndonj\u00eb marr\u00ebzi t\u00eb till\u00eb, ata e din\u00eb se cilat do t\u00eb jen\u00eb pasojat\u201d, tha Duque.<\/p>\n<p>N\u00eb Kombet e Bashkuara, udh\u00ebheq\u00ebsi i ri kolumbian pritet t\u00eb akuzoj\u00eb Maduron p\u00ebr mos respektimin e nj\u00eb rezolute t\u00eb K\u00ebshillit t\u00eb Sigurimit t\u00eb miratuar pas 11 shtatorit 2001, duke ofruar rebel\u00ebve statusin e refugjatit, gj\u00eb t\u00eb cil\u00ebn presidenti i Venezuel\u00ebs ka mohuar n\u00eb m\u00ebnyr\u00eb t\u00eb p\u00ebrs\u00ebritur.<\/p>","protected":false},"excerpt":{"rendered":"<p>Presidenti i Kolumbis\u00eb e ka krahasuar Nicolas Maduron me kriminelin e luft\u00ebs Sllobodan Milosheviq nd\u00ebrsa ai shkon n\u00eb nj\u00eb ofensiv\u00eb diplomatike ndaj socialistit t\u00eb Venezuel\u00ebs, duke paralajm\u00ebruar se ai do t\u00eb b\u00ebnte nj\u00eb gabim \u201cprej budallai\u201d n\u00ebse do t\u00eb sulmonte fqinjin e tij t\u00eb mb\u00ebshtetur nga SHBA. Sipas mediave t\u00eb huaja, Ivan Duque i b\u00ebri [&hellip;]<\/p>\n","protected":false},"author":2013,"featured_media":108533,"comment_status":"open","ping_status":"closed","sticky":false,"template":"","format":"standard","meta":{"footnotes":""},"categories":[241,191],"tags":[],"class_list":{"0":"post-108532","1":"post","2":"type-post","3":"status-publish","4":"format-standard","5":"has-post-thumbnail","7":"category-aktualitet","8":"category-bota"},"_links":{"self":[{"href":"https:\/\/zjarr.tv\/en\/wp-json\/wp\/v2\/posts\/108532","targetHints":{"allow":["GET"]}}],"collection":[{"href":"https:\/\/zjarr.tv\/en\/wp-json\/wp\/v2\/posts"}],"about":[{"href":"https:\/\/zjarr.tv\/en\/wp-json\/wp\/v2\/types\/post"}],"author":[{"embeddable":true,"href":"https:\/\/zjarr.tv\/en\/wp-json\/wp\/v2\/users\/2013"}],"replies":[{"embeddable":true,"href":"https:\/\/zjarr.tv\/en\/wp-json\/wp\/v2\/comments?post=108532"}],"version-history":[{"count":0,"href":"https:\/\/zjarr.tv\/en\/wp-json\/wp\/v2\/posts\/108532\/revisions"}],"wp:featuredmedia":[{"embeddable":true,"href":"https:\/\/zjarr.tv\/en\/wp-json\/wp\/v2\/media\/108533"}],"wp:attachment":[{"href":"https:\/\/zjarr.tv\/en\/wp-json\/wp\/v2\/media?parent=108532"}],"wp:term":[{"taxonomy":"category","embeddable":true,"href":"https:\/\/zjarr.tv\/en\/wp-json\/wp\/v2\/categories?post=108532"},{"taxonomy":"post_tag","embeddable":true,"href":"https:\/\/zjarr.tv\/en\/wp-json\/wp\/v2\/tags?post=108532"}],"curies":[{"name":"wp","href":"https:\/\/api.w.org\/{rel}","templated":true}]}}