{"id":108549,"date":"2019-09-23T20:10:49","date_gmt":"2019-09-23T18:10:49","guid":{"rendered":"https:\/\/zjarr.tv\/?p=108549"},"modified":"2019-09-23T15:23:14","modified_gmt":"2019-09-23T13:23:14","slug":"nevoja-urgjente-per-uljen-e-efekteve-serre","status":"publish","type":"post","link":"https:\/\/zjarr.tv\/en\/nevoja-urgjente-per-uljen-e-efekteve-serre\/","title":{"rendered":"Nevoja urgjente p\u00ebr uljen e efekteve serre"},"content":{"rendered":"<p>Klimatolog\u00ebt thon\u00eb se efektet e ngrohjes globale po p\u00ebrshpejtohen dhe vitet 2015-2019 do t\u00eb jen\u00eb vitet m\u00eb t\u00eb ngrohta t\u00eb regjistruara zyrtarisht.<\/p>\n<p>N\u00eb prag t\u00eb samitit t\u00eb OKB-s\u00eb p\u00ebr klim\u00ebn q\u00eb nis t\u00eb h\u00ebn\u00ebn (23 shtator), k\u00ebrkohet nd\u00ebrmarrja pa humbur koh\u00eb e politikave p\u00ebr uljen e gazrave t\u00eb d\u00ebmsh\u00ebm.<\/p>\n<p>Temperaturat globale jan\u00eb rritur me 1,1 grad\u00eb Celsius q\u00eb nga periudha paraindustriale e 1850-\u00ebs, dhe gati 0,2 grad\u00eb Celsius vet\u00ebm n\u00eb 4 vite nga 2011-ta.<\/p>\n<p>Shqet\u00ebsuese mbetet edhe rritja e nivelit t\u00eb deteve, i cili \u00ebsht\u00eb 5 milimetra m\u00eb i lart\u00eb n\u00eb pes\u00eb vitet e fundit.<\/p>\n<p>Nj\u00eb raport i Organizat\u00ebs Meteorologjike Bot\u00ebrore i publikuar t\u00eb diel\u00ebn thekson se p\u00ebr t\u00eb ndalur pasojat katastrofike q\u00eb vijn\u00eb me rritjen e temperaturave mbi 2 grad\u00eb Celsius krahasuar me periudh\u00ebn paraindustriale, shtetet duhet t\u00eb pes\u00ebfishojn\u00eb objektivat e vendosur n\u00eb Marr\u00ebveshjen e Parisit p\u00ebr uljen e gazrave t\u00eb karbonit.<\/p>\n<p>Seanca e s\u00eb h\u00ebn\u00ebs n\u00eb samitin e OKB-s\u00eb n\u00eb Nju-Jork pritet t\u00eb hapet nga suedezja 16-vje\u00e7are, Greta Tynberg, e cila s\u00eb bashku me aktivist\u00eb t\u00eb rinj nga e gjith\u00eb bota marshuan t\u00eb premten n\u00eb rrug\u00eb p\u00ebr sensibilizim.<\/p>\n<p>Krer\u00ebt e rreth 60 shteteve do t\u00eb paraqesin aksione t\u00eb reja p\u00ebr limitimin e ngrohjes globale.<\/p>\n<p>Asambles\u00eb do i drejtohen Kina, India, Franca, Gjermania dhe Mbret\u00ebria e Bashkuar.<\/p>\n<p>N\u00eb podium do t\u00eb mungojn\u00eb Japonia dhe Australia, vende t\u00eb cilat vijojn\u00eb t\u00eb subvencionojn\u00eb industrit\u00eb e qymyrgurit dhe hidrokarbureve, nd\u00ebrsa Shtetet e Bashkuara, Brazili dhe Arabia Saudite gjithashtu pritet t\u00eb mos marrin pjes\u00eb n\u00eb debat.<\/p>","protected":false},"excerpt":{"rendered":"<p>Klimatolog\u00ebt thon\u00eb se efektet e ngrohjes globale po p\u00ebrshpejtohen dhe vitet 2015-2019 do t\u00eb jen\u00eb vitet m\u00eb t\u00eb ngrohta t\u00eb regjistruara zyrtarisht. N\u00eb prag t\u00eb samitit t\u00eb OKB-s\u00eb p\u00ebr klim\u00ebn q\u00eb nis t\u00eb h\u00ebn\u00ebn (23 shtator), k\u00ebrkohet nd\u00ebrmarrja pa humbur koh\u00eb e politikave p\u00ebr uljen e gazrave t\u00eb d\u00ebmsh\u00ebm. Temperaturat globale jan\u00eb rritur me 1,1 [&hellip;]<\/p>\n","protected":false},"author":2013,"featured_media":0,"comment_status":"open","ping_status":"closed","sticky":false,"template":"","format":"standard","meta":{"footnotes":""},"categories":[241,191],"tags":[],"class_list":{"0":"post-108549","1":"post","2":"type-post","3":"status-publish","4":"format-standard","6":"category-aktualitet","7":"category-bota"},"_links":{"self":[{"href":"https:\/\/zjarr.tv\/en\/wp-json\/wp\/v2\/posts\/108549","targetHints":{"allow":["GET"]}}],"collection":[{"href":"https:\/\/zjarr.tv\/en\/wp-json\/wp\/v2\/posts"}],"about":[{"href":"https:\/\/zjarr.tv\/en\/wp-json\/wp\/v2\/types\/post"}],"author":[{"embeddable":true,"href":"https:\/\/zjarr.tv\/en\/wp-json\/wp\/v2\/users\/2013"}],"replies":[{"embeddable":true,"href":"https:\/\/zjarr.tv\/en\/wp-json\/wp\/v2\/comments?post=108549"}],"version-history":[{"count":0,"href":"https:\/\/zjarr.tv\/en\/wp-json\/wp\/v2\/posts\/108549\/revisions"}],"wp:attachment":[{"href":"https:\/\/zjarr.tv\/en\/wp-json\/wp\/v2\/media?parent=108549"}],"wp:term":[{"taxonomy":"category","embeddable":true,"href":"https:\/\/zjarr.tv\/en\/wp-json\/wp\/v2\/categories?post=108549"},{"taxonomy":"post_tag","embeddable":true,"href":"https:\/\/zjarr.tv\/en\/wp-json\/wp\/v2\/tags?post=108549"}],"curies":[{"name":"wp","href":"https:\/\/api.w.org\/{rel}","templated":true}]}}