{"id":108567,"date":"2019-09-23T16:12:18","date_gmt":"2019-09-23T14:12:18","guid":{"rendered":"https:\/\/zjarr.tv\/?p=108567"},"modified":"2019-09-23T16:12:18","modified_gmt":"2019-09-23T14:12:18","slug":"lajmi-i-rreme-per-termetin-alarmoi-tiranen-dhe-durresin-brace-ngre-tonet-autoret-do-te-perballen-me-ligjin-si-falim","status":"publish","type":"post","link":"https:\/\/zjarr.tv\/en\/lajmi-i-rreme-per-termetin-alarmoi-tiranen-dhe-durresin-brace-ngre-tonet-autoret-do-te-perballen-me-ligjin-si-falim\/","title":{"rendered":"Lajmi i rrem\u00eb p\u00ebr t\u00ebrmetin alarmoi Tiran\u00ebn dhe Durr\u00ebsin, Bra\u00e7e ngre tonet: Autor\u00ebt do t\u00eb p\u00ebrballen me ligjin, s\u2019i falim"},"content":{"rendered":"<p>Nj\u00eb dit\u00eb pas lajmit t\u00eb rrem\u00eb q\u00eb qarkulloi n\u00eb rrjetet sociale se Shqip\u00ebria rrezikohej mbr\u00ebm\u00eb nga nj\u00eb t\u00ebrmet i fuqish\u00ebm, duke terrorizuar qytetar\u00ebt n\u00eb Tiran\u00eb e Durr\u00ebs, vjen nj\u00eb reagim i ashp\u00ebr nga z\u00ebvend\u00ebskryeminist\u00ebr Erion Bra\u00e7e.<\/p>\n<p>N\u00eb nj\u00eb dalje publike p\u00ebr mediat, Bra\u00e7e tha se lajmi i djesh\u00ebm, ishte i q\u00ebllimsh\u00ebm dhe i rrem\u00eb, nd\u00ebrsa shtoi se autor\u00ebt do t\u00eb p\u00ebrballen me ligjin.<\/p>\n<p>\u201cAutor\u00ebt e k\u00ebtij lajmi t\u00eb rrem\u00eb do t\u00eb p\u00ebrballen me ligjin n\u00eb fuqi. Forca e ligjit do t\u2019i jap\u00eb fund k\u00ebtij dezinformomi. Loja me lajm t\u00eb rrem\u00eb duhet t\u00eb marr\u00eb fund ligj\u00ebrisht. Askush nuk ka nd\u00ebrmend sot dhe as nes\u00ebr q\u00eb t\u00eb fal\u00eb lot\u00ebt e t\u00eb qarave t\u00eb foshnjave, q\u00eb d\u00ebgjoheshin dje. Nuk kam nd\u00ebrmend t\u00eb fal akthin e prind\u00ebrve dje me f\u00ebmij\u00ebt n\u00eb preh\u00ebr. Nuk kam nd\u00ebrmend t\u00eb fal mundimin e t\u00eb moshuarve. Nuk kemi nd\u00ebrmend t\u2019i falim dhe nuk b\u00ebjm\u00eb kompromis me at\u00eb q\u00eb ndodhi dje. Kush nga k\u00ebta q\u00eb mendon se \u00e7udia m\u00eb e madhe zgjat 3 dit\u00eb, madje dhe ata politikan\u00eb, si ai q\u00eb ka munduar k\u00ebt\u00eb popull p\u00ebr 30 vite, nuk do ja dal\u00eb\u201d, tha Bra\u00e7e.<\/p>","protected":false},"excerpt":{"rendered":"<p>Nj\u00eb dit\u00eb pas lajmit t\u00eb rrem\u00eb q\u00eb qarkulloi n\u00eb rrjetet sociale se Shqip\u00ebria rrezikohej mbr\u00ebm\u00eb nga nj\u00eb t\u00ebrmet i fuqish\u00ebm, duke terrorizuar qytetar\u00ebt n\u00eb Tiran\u00eb e Durr\u00ebs, vjen nj\u00eb reagim i ashp\u00ebr nga z\u00ebvend\u00ebskryeminist\u00ebr Erion Bra\u00e7e. N\u00eb nj\u00eb dalje publike p\u00ebr mediat, Bra\u00e7e tha se lajmi i djesh\u00ebm, ishte i q\u00ebllimsh\u00ebm dhe i rrem\u00eb, nd\u00ebrsa [&hellip;]<\/p>\n","protected":false},"author":2013,"featured_media":92097,"comment_status":"open","ping_status":"closed","sticky":false,"template":"","format":"standard","meta":{"footnotes":""},"categories":[241,235],"tags":[],"class_list":{"0":"post-108567","1":"post","2":"type-post","3":"status-publish","4":"format-standard","5":"has-post-thumbnail","7":"category-aktualitet","8":"category-vendi"},"_links":{"self":[{"href":"https:\/\/zjarr.tv\/en\/wp-json\/wp\/v2\/posts\/108567","targetHints":{"allow":["GET"]}}],"collection":[{"href":"https:\/\/zjarr.tv\/en\/wp-json\/wp\/v2\/posts"}],"about":[{"href":"https:\/\/zjarr.tv\/en\/wp-json\/wp\/v2\/types\/post"}],"author":[{"embeddable":true,"href":"https:\/\/zjarr.tv\/en\/wp-json\/wp\/v2\/users\/2013"}],"replies":[{"embeddable":true,"href":"https:\/\/zjarr.tv\/en\/wp-json\/wp\/v2\/comments?post=108567"}],"version-history":[{"count":0,"href":"https:\/\/zjarr.tv\/en\/wp-json\/wp\/v2\/posts\/108567\/revisions"}],"wp:featuredmedia":[{"embeddable":true,"href":"https:\/\/zjarr.tv\/en\/wp-json\/wp\/v2\/media\/92097"}],"wp:attachment":[{"href":"https:\/\/zjarr.tv\/en\/wp-json\/wp\/v2\/media?parent=108567"}],"wp:term":[{"taxonomy":"category","embeddable":true,"href":"https:\/\/zjarr.tv\/en\/wp-json\/wp\/v2\/categories?post=108567"},{"taxonomy":"post_tag","embeddable":true,"href":"https:\/\/zjarr.tv\/en\/wp-json\/wp\/v2\/tags?post=108567"}],"curies":[{"name":"wp","href":"https:\/\/api.w.org\/{rel}","templated":true}]}}