{"id":108573,"date":"2019-09-23T21:20:05","date_gmt":"2019-09-23T19:20:05","guid":{"rendered":"https:\/\/zjarr.tv\/?p=108573"},"modified":"2019-09-23T16:17:28","modified_gmt":"2019-09-23T14:17:28","slug":"koreja-e-jugut-shperndan-mesazhe-paqeje-ne-145-vende-te-botes","status":"publish","type":"post","link":"https:\/\/zjarr.tv\/en\/koreja-e-jugut-shperndan-mesazhe-paqeje-ne-145-vende-te-botes\/","title":{"rendered":"Koreja e Jugut shp\u00ebrndan mesazhe paqeje n\u00eb 145 vende t\u00eb bot\u00ebs"},"content":{"rendered":"<p>Organizata jofitimprur\u00ebse p\u00ebr paqe dhe Kultur\u00eb Hyjnore (H\u00cbPL) n\u00eb Koren\u00eb e Jugut ka organizuar nj\u00eb event t\u00eb ve\u00e7ant\u00eb duke shkruar mesazhe paqeje me rastin e pes\u00eb vjetorit t\u00eb Samitit t\u00eb Paqes Bot\u00ebrore.\u00a0 N\u00eb k\u00ebt\u00eb event mor\u00ebn pjes\u00eb rreth 200 mij\u00eb an\u00ebtar\u00eb, disa prej t\u00eb cil\u00ebve pjes\u00eb e organizatave t\u00eb tjera t\u00eb k\u00ebtij lloji si I\u00cbPG dhe IPYG.<\/p>\n<div id=\"sovrn\" class=\"desktop_ad ad_bottom_space\"><\/div>\n<p>Ky Samit u zhvillua n\u00eb Seul, Dae-jeon, Gwang-ju, Jeon-ju dhe Busan dhe gjithashtu p\u00ebrfshiu 145 vende t\u00eb tjera n\u00eb bot\u00eb, mes tyre edhe Shqip\u00ebria,\u00a0 me moton \u201cLigji Nd\u00ebrkomb\u00ebtar i Paqes, Legjislacioni i Paqes\u201d. K\u00ebt\u00eb vit, tema kryesore e organizat\u00ebs HWPL \u00ebsht\u00eb \u201cProjekti i ligjit p\u00ebr paqen, p\u00ebr nd\u00ebrprerjen e luft\u00ebs dhe p\u00ebr t\u00eb marr\u00eb pjes\u00eb n\u00eb fushat\u00ebn e Ligjit p\u00ebr Paqen.<\/p>\n<div id=\"pa_1x1_psbk_1569248203359\"><\/div>\n<div class=\"galery-slider\">\n<ul class=\"slides\">\n<li class=\"flex-slider-item\" data-thumb-alt=\"\"><a href=\"https:\/\/balkanweb.com\/wp-content\/uploads\/2019\/09\/Koreja5.jpg\" rel=\"lightbox\"><img decoding=\"async\" draggable=\"false\" src=\"https:\/\/balkanweb.com\/wp-content\/uploads\/2019\/09\/Koreja5.jpg\" alt=\"foto galeri \" \/><\/a><\/li>\n<li class=\"flex-slider-item\" data-thumb-alt=\"\"><a href=\"https:\/\/balkanweb.com\/wp-content\/uploads\/2019\/09\/Koreja4.jpg\" rel=\"lightbox\"><img decoding=\"async\" draggable=\"false\" src=\"https:\/\/balkanweb.com\/wp-content\/uploads\/2019\/09\/Koreja4.jpg\" alt=\"foto galeri \" \/><\/a><\/li>\n<li class=\"flex-slider-item flex-active-slide\" data-thumb-alt=\"\"><a href=\"https:\/\/balkanweb.com\/wp-content\/uploads\/2019\/09\/Koreja3.jpg\" rel=\"lightbox\"><img decoding=\"async\" draggable=\"false\" src=\"https:\/\/balkanweb.com\/wp-content\/uploads\/2019\/09\/Koreja3.jpg\" alt=\"foto galeri \" \/><\/a><\/li>\n<li class=\"flex-slider-item\" data-thumb-alt=\"\"><a href=\"https:\/\/balkanweb.com\/wp-content\/uploads\/2019\/09\/Koreja2.jpg\" rel=\"lightbox\"><img decoding=\"async\" draggable=\"false\" src=\"https:\/\/balkanweb.com\/wp-content\/uploads\/2019\/09\/Koreja2.jpg\" alt=\"foto galeri \" \/><\/a><\/li>\n<\/ul>\n<\/div>\n<p>Organizata jofitimprur\u00ebse IWPG \u00ebsht\u00eb e regjistruar ne Kombet e bashkuara me \u2018statusin e ve\u00e7ant\u00eb konsultativ\u2019. IWPG mb\u00ebshtet projektet e paqes kudo n\u00eb bot\u00eb dhe p\u00ebrpiqet p\u00ebr ta kthyer paqen n\u00eb realitet sidomos p\u00ebr vendet n\u00eb konflikt. HWPL, IWPG dhe IPYG organizojn\u00eb \u00e7do vit evente t\u00eb tilla si\u00e7 \u00ebsht\u00eb edhe maratona e paqes ku marrin pjes\u00eb nj\u00eb num\u00ebr i madh personash.<\/p>\n<p>Nj\u00eb event i till\u00eb sh\u00ebrben edhe si pik\u00ebtakimi p\u00ebr t\u00eb gjith\u00eb ata qytetar\u00eb, q\u00eb kan\u00eb d\u00ebshir\u00eb t\u00eb japin para p\u00ebr komunitet e tyre lokale. Q\u00ebllimi i H\u00cbPL-s\u00eb \u00ebsht\u00eb vendosja e nj\u00eb ligji nd\u00ebrkomb\u00ebtar t\u00eb p\u00ebrbashk\u00ebt p\u00ebr paqen n\u00eb funksion t\u00eb ndalimit t\u00eb luft\u00ebrave n\u00eb bot\u00eb.<\/p>","protected":false},"excerpt":{"rendered":"<p>Organizata jofitimprur\u00ebse p\u00ebr paqe dhe Kultur\u00eb Hyjnore (H\u00cbPL) n\u00eb Koren\u00eb e Jugut ka organizuar nj\u00eb event t\u00eb ve\u00e7ant\u00eb duke shkruar mesazhe paqeje me rastin e pes\u00eb vjetorit t\u00eb Samitit t\u00eb Paqes Bot\u00ebrore.\u00a0 N\u00eb k\u00ebt\u00eb event mor\u00ebn pjes\u00eb rreth 200 mij\u00eb an\u00ebtar\u00eb, disa prej t\u00eb cil\u00ebve pjes\u00eb e organizatave t\u00eb tjera t\u00eb k\u00ebtij lloji si I\u00cbPG [&hellip;]<\/p>\n","protected":false},"author":2013,"featured_media":108574,"comment_status":"open","ping_status":"closed","sticky":false,"template":"","format":"standard","meta":{"footnotes":""},"categories":[241,191],"tags":[],"class_list":{"0":"post-108573","1":"post","2":"type-post","3":"status-publish","4":"format-standard","5":"has-post-thumbnail","7":"category-aktualitet","8":"category-bota"},"_links":{"self":[{"href":"https:\/\/zjarr.tv\/en\/wp-json\/wp\/v2\/posts\/108573","targetHints":{"allow":["GET"]}}],"collection":[{"href":"https:\/\/zjarr.tv\/en\/wp-json\/wp\/v2\/posts"}],"about":[{"href":"https:\/\/zjarr.tv\/en\/wp-json\/wp\/v2\/types\/post"}],"author":[{"embeddable":true,"href":"https:\/\/zjarr.tv\/en\/wp-json\/wp\/v2\/users\/2013"}],"replies":[{"embeddable":true,"href":"https:\/\/zjarr.tv\/en\/wp-json\/wp\/v2\/comments?post=108573"}],"version-history":[{"count":0,"href":"https:\/\/zjarr.tv\/en\/wp-json\/wp\/v2\/posts\/108573\/revisions"}],"wp:featuredmedia":[{"embeddable":true,"href":"https:\/\/zjarr.tv\/en\/wp-json\/wp\/v2\/media\/108574"}],"wp:attachment":[{"href":"https:\/\/zjarr.tv\/en\/wp-json\/wp\/v2\/media?parent=108573"}],"wp:term":[{"taxonomy":"category","embeddable":true,"href":"https:\/\/zjarr.tv\/en\/wp-json\/wp\/v2\/categories?post=108573"},{"taxonomy":"post_tag","embeddable":true,"href":"https:\/\/zjarr.tv\/en\/wp-json\/wp\/v2\/tags?post=108573"}],"curies":[{"name":"wp","href":"https:\/\/api.w.org\/{rel}","templated":true}]}}