{"id":108576,"date":"2019-09-23T21:30:21","date_gmt":"2019-09-23T19:30:21","guid":{"rendered":"https:\/\/zjarr.tv\/?p=108576"},"modified":"2019-09-23T16:18:57","modified_gmt":"2019-09-23T14:18:57","slug":"itali-salvini-propozon-zgjedhje-te-drejtperdrejta-per-kreun-e-shtetit","status":"publish","type":"post","link":"https:\/\/zjarr.tv\/en\/itali-salvini-propozon-zgjedhje-te-drejtperdrejta-per-kreun-e-shtetit\/","title":{"rendered":"Itali, Salvini propozon zgjedhje t\u00eb drejtp\u00ebrdrejta p\u00ebr kreun e shtetit"},"content":{"rendered":"<p>Lideri i Lig\u00ebs s\u00eb Veriut, Matteo Salvini deklaroi dje se presidenti Italian duhet t\u00eb zgjidhet drejtp\u00ebrdrejt nga populli. Presidenti, i cili vepron si mbrojt\u00ebs i Kushtetut\u00ebs dhe si gjyqtar i sistemit politik, aktualisht \u00ebsht\u00eb zgjedhur nga parlamenti.<\/p>\n<p>\u201cUn\u00eb mendoj se, n\u00ebse nuk do t\u00eb ndodh\u00eb n\u00eb vitin 2022, at\u00ebher\u00eb n\u00eb 2029 kreu i shtetit mund t\u00eb zgjidhet direkt nga qytetar\u00ebt\u201d.<\/p>\n<div id=\"videoad\"><\/div>\n<p>P\u00ebrpjekja e ish ministrit t\u00eb Brendsh\u00ebm Salvini, muajin e kaluar, p\u00ebr t\u00eb shkaktuar zgjedhje t\u00eb parakohshme d\u00ebshtoi pasi ish aleat\u00ebt e tij t\u00eb qeveris\u00eb n\u00eb L\u00ebvizjen Pes\u00eb Yjet ran\u00eb dakord p\u00ebr nj\u00eb pakt me Partin\u00eb Demokratike p\u00ebr t\u00eb formuar nj\u00eb qeveri t\u00eb dyt\u00eb n\u00ebn mbikqyrjen e Giuseppe Conte.<\/p>\n<p>Salvini, partia e t\u00eb cilit \u00ebsht\u00eb aktualisht shum\u00eb p\u00ebrpara n\u00eb sondazhet, deklaroi se ai ishte i sigurt se do t\u00eb kishte votat e nevojshme n\u00eb parlament n\u00eb t\u00eb ardhmen p\u00ebr t\u00eb kryer k\u00ebt\u00eb reform\u00eb kushtetuese.<\/p>\n<p>\u201cUn\u00eb nuk mendoj se qeveria aktuale Pes\u00eb Yjet-Partia Demokratike do t\u00eb zgjas\u00eb deri n\u00eb vitin 2022, kur do t\u00eb zgjidhet pasardh\u00ebsi i presidentit Sergio Mattarella,\u201d deklaroi Salvini.<\/p>","protected":false},"excerpt":{"rendered":"<p>Lideri i Lig\u00ebs s\u00eb Veriut, Matteo Salvini deklaroi dje se presidenti Italian duhet t\u00eb zgjidhet drejtp\u00ebrdrejt nga populli. Presidenti, i cili vepron si mbrojt\u00ebs i Kushtetut\u00ebs dhe si gjyqtar i sistemit politik, aktualisht \u00ebsht\u00eb zgjedhur nga parlamenti. \u201cUn\u00eb mendoj se, n\u00ebse nuk do t\u00eb ndodh\u00eb n\u00eb vitin 2022, at\u00ebher\u00eb n\u00eb 2029 kreu i shtetit mund [&hellip;]<\/p>\n","protected":false},"author":2013,"featured_media":0,"comment_status":"open","ping_status":"closed","sticky":false,"template":"","format":"standard","meta":{"footnotes":""},"categories":[241,191],"tags":[],"class_list":{"0":"post-108576","1":"post","2":"type-post","3":"status-publish","4":"format-standard","6":"category-aktualitet","7":"category-bota"},"_links":{"self":[{"href":"https:\/\/zjarr.tv\/en\/wp-json\/wp\/v2\/posts\/108576","targetHints":{"allow":["GET"]}}],"collection":[{"href":"https:\/\/zjarr.tv\/en\/wp-json\/wp\/v2\/posts"}],"about":[{"href":"https:\/\/zjarr.tv\/en\/wp-json\/wp\/v2\/types\/post"}],"author":[{"embeddable":true,"href":"https:\/\/zjarr.tv\/en\/wp-json\/wp\/v2\/users\/2013"}],"replies":[{"embeddable":true,"href":"https:\/\/zjarr.tv\/en\/wp-json\/wp\/v2\/comments?post=108576"}],"version-history":[{"count":0,"href":"https:\/\/zjarr.tv\/en\/wp-json\/wp\/v2\/posts\/108576\/revisions"}],"wp:attachment":[{"href":"https:\/\/zjarr.tv\/en\/wp-json\/wp\/v2\/media?parent=108576"}],"wp:term":[{"taxonomy":"category","embeddable":true,"href":"https:\/\/zjarr.tv\/en\/wp-json\/wp\/v2\/categories?post=108576"},{"taxonomy":"post_tag","embeddable":true,"href":"https:\/\/zjarr.tv\/en\/wp-json\/wp\/v2\/tags?post=108576"}],"curies":[{"name":"wp","href":"https:\/\/api.w.org\/{rel}","templated":true}]}}