{"id":108594,"date":"2019-09-23T17:46:08","date_gmt":"2019-09-23T15:46:08","guid":{"rendered":"https:\/\/zjarr.tv\/?p=108594"},"modified":"2019-09-23T17:46:08","modified_gmt":"2019-09-23T15:46:08","slug":"qeveria-ngre-task-force-per-te-asistuar-bizneset-e-prekura-nga-termeti","status":"publish","type":"post","link":"https:\/\/zjarr.tv\/en\/qeveria-ngre-task-force-per-te-asistuar-bizneset-e-prekura-nga-termeti\/","title":{"rendered":"Qeveria ngre Task Forc\u00eb p\u00ebr t\u00eb asistuar bizneset e prekura nga t\u00ebrmeti"},"content":{"rendered":"<p>Ministria e Financave dhe Ekonomis\u00eb s\u00eb bashku me Ministrin\u00eb e Mbrojtjes s\u00eb Sip\u00ebrmarrjes dhe n\u00eb bashk\u00ebpunim me Bashkimin e Dhomave t\u00eb Tregtis\u00eb ngrit\u00ebn Task Forc\u00ebn q\u00eb do t\u00eb mund\u00ebsoj\u00eb marrjen e informacionit nga bizneset e d\u00ebmtuara si pasoj\u00eb e t\u00ebrmetit dhe verifikimin e k\u00ebrkesave t\u00eb ardhura.<\/p>\n<p>Informacioni i marr\u00eb do t\u00eb bashk\u00ebrendohet edhe me strukturat e tjera t\u00eb specializuara p\u00ebr vler\u00ebsimin e d\u00ebmeve dhe ofrimin e asistenc\u00ebs s\u00eb nevojshme p\u00ebr bizneset e prekura.<\/p>\n<p>P\u00ebr k\u00ebt\u00eb arsye, MFE ka v\u00ebn\u00eb n\u00eb dispozion t\u00eb bizneseve t\u00eb prekura nga t\u00ebrmeti adresat elektronike, si m\u00eb posht\u00eb: infobiznes@financa.gov.al; info@uccial.al.<br \/>\n\u00c7do sip\u00ebrmarr\u00ebs mund t\u00eb kontaktoj\u00eb p\u00ebr marrjen e informacionit t\u00eb k\u00ebrkuar apo adresimit t\u00eb ankesave.<\/p>","protected":false},"excerpt":{"rendered":"<p>Ministria e Financave dhe Ekonomis\u00eb s\u00eb bashku me Ministrin\u00eb e Mbrojtjes s\u00eb Sip\u00ebrmarrjes dhe n\u00eb bashk\u00ebpunim me Bashkimin e Dhomave t\u00eb Tregtis\u00eb ngrit\u00ebn Task Forc\u00ebn q\u00eb do t\u00eb mund\u00ebsoj\u00eb marrjen e informacionit nga bizneset e d\u00ebmtuara si pasoj\u00eb e t\u00ebrmetit dhe verifikimin e k\u00ebrkesave t\u00eb ardhura. Informacioni i marr\u00eb do t\u00eb bashk\u00ebrendohet edhe me strukturat [&hellip;]<\/p>\n","protected":false},"author":2013,"featured_media":108596,"comment_status":"open","ping_status":"closed","sticky":false,"template":"","format":"standard","meta":{"footnotes":""},"categories":[241,235],"tags":[],"class_list":{"0":"post-108594","1":"post","2":"type-post","3":"status-publish","4":"format-standard","5":"has-post-thumbnail","7":"category-aktualitet","8":"category-vendi"},"_links":{"self":[{"href":"https:\/\/zjarr.tv\/en\/wp-json\/wp\/v2\/posts\/108594","targetHints":{"allow":["GET"]}}],"collection":[{"href":"https:\/\/zjarr.tv\/en\/wp-json\/wp\/v2\/posts"}],"about":[{"href":"https:\/\/zjarr.tv\/en\/wp-json\/wp\/v2\/types\/post"}],"author":[{"embeddable":true,"href":"https:\/\/zjarr.tv\/en\/wp-json\/wp\/v2\/users\/2013"}],"replies":[{"embeddable":true,"href":"https:\/\/zjarr.tv\/en\/wp-json\/wp\/v2\/comments?post=108594"}],"version-history":[{"count":0,"href":"https:\/\/zjarr.tv\/en\/wp-json\/wp\/v2\/posts\/108594\/revisions"}],"wp:featuredmedia":[{"embeddable":true,"href":"https:\/\/zjarr.tv\/en\/wp-json\/wp\/v2\/media\/108596"}],"wp:attachment":[{"href":"https:\/\/zjarr.tv\/en\/wp-json\/wp\/v2\/media?parent=108594"}],"wp:term":[{"taxonomy":"category","embeddable":true,"href":"https:\/\/zjarr.tv\/en\/wp-json\/wp\/v2\/categories?post=108594"},{"taxonomy":"post_tag","embeddable":true,"href":"https:\/\/zjarr.tv\/en\/wp-json\/wp\/v2\/tags?post=108594"}],"curies":[{"name":"wp","href":"https:\/\/api.w.org\/{rel}","templated":true}]}}