{"id":108635,"date":"2019-09-24T12:56:23","date_gmt":"2019-09-24T10:56:23","guid":{"rendered":"https:\/\/zjarr.tv\/?p=108635"},"modified":"2019-09-24T12:56:23","modified_gmt":"2019-09-24T10:56:23","slug":"rinas-nje-kompani-ajrore-ndalon-perkohesisht-fluturimet","status":"publish","type":"post","link":"https:\/\/zjarr.tv\/en\/rinas-nje-kompani-ajrore-ndalon-perkohesisht-fluturimet\/","title":{"rendered":"Rinas, nj\u00eb kompani ajrore ndalon p\u00ebrkoh\u00ebsisht fluturimet"},"content":{"rendered":"<p>Autoriteti i Aviacionit Civil njoftoi se kompania e fluturimeve &#8220;Adria Airways&#8221; njoftoi mbr\u00ebmjen e djeshme, m\u00eb dat\u00eb 23\/09\/2019 pas mesnate, \u201cndalimin e p\u00ebrkohsh\u00ebm t\u00eb fluturimeve, p\u00ebr datat 24 &#8211; 25 shtator 2019\u201d. Kompania ka koh\u00eb q\u00eb ka hasur v\u00ebshtir\u00ebsi financiare, njoftoi Aviacioni dhe citoi njoftimin zyrtar.<\/p>\n<div id=\"rekl-28\"><\/div>\n<div class=\"fotogaleri\">\n<div class=\"bx-wrapper\">\n<div class=\"bx-viewport\">\n<ul class=\"read-slider\">\n<li><a href=\"https:\/\/www.syri.net\/uploads\/syri.net\/images\/2019\/September\/24\/Screenshot_11569314849.jpg\" data-lightbox=\"images\"><img decoding=\"async\" src=\"https:\/\/www.syri.net\/uploads\/syri.net\/images\/2019\/September\/24\/auto_Screenshot_11569314849.jpg\" \/><\/a><\/li>\n<\/ul>\n<\/div>\n<\/div>\n<\/div>","protected":false},"excerpt":{"rendered":"<p>Autoriteti i Aviacionit Civil njoftoi se kompania e fluturimeve &#8220;Adria Airways&#8221; njoftoi mbr\u00ebmjen e djeshme, m\u00eb dat\u00eb 23\/09\/2019 pas mesnate, \u201cndalimin e p\u00ebrkohsh\u00ebm t\u00eb fluturimeve, p\u00ebr datat 24 &#8211; 25 shtator 2019\u201d. Kompania ka koh\u00eb q\u00eb ka hasur v\u00ebshtir\u00ebsi financiare, njoftoi Aviacioni dhe citoi njoftimin zyrtar.<\/p>","protected":false},"author":2013,"featured_media":41113,"comment_status":"open","ping_status":"closed","sticky":false,"template":"","format":"standard","meta":{"footnotes":""},"categories":[241,235],"tags":[],"class_list":{"0":"post-108635","1":"post","2":"type-post","3":"status-publish","4":"format-standard","5":"has-post-thumbnail","7":"category-aktualitet","8":"category-vendi"},"_links":{"self":[{"href":"https:\/\/zjarr.tv\/en\/wp-json\/wp\/v2\/posts\/108635","targetHints":{"allow":["GET"]}}],"collection":[{"href":"https:\/\/zjarr.tv\/en\/wp-json\/wp\/v2\/posts"}],"about":[{"href":"https:\/\/zjarr.tv\/en\/wp-json\/wp\/v2\/types\/post"}],"author":[{"embeddable":true,"href":"https:\/\/zjarr.tv\/en\/wp-json\/wp\/v2\/users\/2013"}],"replies":[{"embeddable":true,"href":"https:\/\/zjarr.tv\/en\/wp-json\/wp\/v2\/comments?post=108635"}],"version-history":[{"count":0,"href":"https:\/\/zjarr.tv\/en\/wp-json\/wp\/v2\/posts\/108635\/revisions"}],"wp:featuredmedia":[{"embeddable":true,"href":"https:\/\/zjarr.tv\/en\/wp-json\/wp\/v2\/media\/41113"}],"wp:attachment":[{"href":"https:\/\/zjarr.tv\/en\/wp-json\/wp\/v2\/media?parent=108635"}],"wp:term":[{"taxonomy":"category","embeddable":true,"href":"https:\/\/zjarr.tv\/en\/wp-json\/wp\/v2\/categories?post=108635"},{"taxonomy":"post_tag","embeddable":true,"href":"https:\/\/zjarr.tv\/en\/wp-json\/wp\/v2\/tags?post=108635"}],"curies":[{"name":"wp","href":"https:\/\/api.w.org\/{rel}","templated":true}]}}