{"id":108647,"date":"2019-09-24T13:07:26","date_gmt":"2019-09-24T11:07:26","guid":{"rendered":"https:\/\/zjarr.tv\/?p=108647"},"modified":"2019-09-24T13:07:26","modified_gmt":"2019-09-24T11:07:26","slug":"skandali-i-prokurorise-donika-prela-urdheron-mbylljen-e-dosjes-toyota-yaris","status":"publish","type":"post","link":"https:\/\/zjarr.tv\/en\/skandali-i-prokurorise-donika-prela-urdheron-mbylljen-e-dosjes-toyota-yaris\/","title":{"rendered":"Skandali i prokuroris\u00eb\/ Donika Prela urdh\u00ebron mbylljen e dosjes \u2018Toyota Yaris\u2019"},"content":{"rendered":"<p>Shtohet dyshimet se dosja hetimore e njohur me emrin\u2019Toyota Yaris\u2019 po tentohet t\u00eb mbyllet, pa u zbardhur mir\u00eb se kush qen\u00eb p\u00ebrfituesit e 3.5 milion\u00eb eurove q\u00eb u kap\u00ebn n\u00eb portin e Durr\u00ebsit.<\/p>\n<p>Gazetarja e News24, Klodiana Lala, ka b\u00ebr\u00eb publike sot nj\u00eb shkres\u00eb me firm\u00eb e vul\u00eb t\u00eb prokurores Donika Prela e cila urdh\u00ebron shp\u00ebnien e \u00e7\u00ebshtjes n\u00eb gjykat\u00eb, ende pa u zbardhur mir\u00eb skema e funksionimit t\u00eb grupit mafioz dhe piramida e tij.<\/p>\n<p>P\u00ebrmes shkres\u00ebs s\u00eb protokolluar e cila mban dat\u00ebn 11 shtator, Donika Prela udh\u00ebzon prokuror\u00ebt e \u00e7\u00ebshtjes \u2018Toyta Yaris\u2019 t\u00eb b\u00ebjn\u00eb komunikimin e akuzave dhe njoftimin e p\u00ebrfundimit t\u00eb hetimeve. Por problemi \u00ebsht\u00eb se kjo nd\u00ebrhyrje flagrante e kreut t\u00eb Prokuroris\u00eb t\u00eb krimeve t\u00eb r\u00ebnda \u00ebsht\u00eb n\u00eb kund\u00ebrshtim t\u00eb plot\u00eb me ligjin p\u00ebr prokurorin\u00eb.<\/p>\n<div id=\"rekl-13\">\n<div id=\"__sap-ad-15\" class=\"__sap-ads __sap-html tracked\" data-title=\"Credins desktop 08\"><ins><\/p>\n<div id=\"beacon_3d8308d8c3\"><img loading=\"lazy\" decoding=\"async\" src=\"https:\/\/ads1.medium.al\/www\/delivery\/lg.php?bannerid=373&amp;campaignid=48&amp;zoneid=182&amp;loc=https%3A%2F%2Fwww.syri.net%2Fpolitike%2F282404%2Fskandali-i-prokurorise-donika-prela-urdheron-mbylljen-e-dosjes-toyota-yaris%2F&amp;referer=https%3A%2F%2Fwww.syri.net%2Flajme%2F&amp;cb=3d8308d8c3\" alt=\"\" width=\"0\" height=\"0\" \/><\/div>\n<p><\/ins><\/div>\n<\/div>\n<div id=\"rekl-4\"><\/div>\n<p><img decoding=\"async\" src=\"https:\/\/www.syri.net\/uploads\/syri.net\/images\/2019\/September\/24\/auto_donika-prela1569322954.jpg\" alt=\"Image\" \/>N\u00eb baz\u00eb t\u00eb k\u00ebtij ligji, t\u00eb ndryshuar n\u00eb frym\u00ebn e reform\u00ebs n\u00eb drejt\u00ebsi, shefi nuk ka t\u00eb drejt\u00eb ti udh\u00ebzoj\u00eb prokuror\u00ebt \u2018vart\u00ebs\u2019 p\u00ebr dosje apo persona t\u00eb ve\u00e7ant\u00eb. Nj\u00eb mas\u00eb e till\u00eb \u00ebsht\u00eb parashikuar q\u00eb prokuror\u00ebt t\u00eb jen\u00eb m\u00eb t\u00eb pavarur, dhe sa m\u00eb larg nd\u00ebrhyrjeve politike.<\/p>\n<p>Por, Prela e ka shkelur me t\u00eb dyja k\u00ebmb\u00ebt k\u00ebt\u00eb vij\u00eb t\u00eb kuqe. N\u00eb letr\u00ebn q\u00eb ka botuar gazetarja Lala prokuror\u00ebve Doloreza Musabelliu dhe Ened Naku\u00e7i iu jepet urdhri ta mbyllin dosjen dhe ta \u00e7ojn\u00eb n\u00eb gjykat\u00eb.<\/p>\n<p>Nj\u00eb veprim i i till\u00eb \u00ebsht\u00eb justifikuar nga Donika Prela me p\u00ebrfundimin e afateve t\u00eb hetimit.<\/p>\n<p>Por p\u00ebr k\u00ebt\u00eb prokuror\u00ebt e \u00e7\u00ebshtjes mund ti drejtoheshin gjykat\u00ebs p\u00ebr zgjatje, pasi hetimi, nuk ka vajtur deri n\u00eb fund, let\u00ebrporosia e d\u00ebrguar n\u00eb Angli ende nuk ka marr\u00eb p\u00ebrgjigje, pra nga kjo dosje n\u00eb sip\u00ebrfaqe kan\u00eb dal\u00eb vet\u00ebm peshqit e vegj\u00ebl dhe jo drejtuesit e m\u00ebdhenj.<\/p>\n<p>Pas urdh\u00ebrit t\u00eb Prel\u00ebs, prokuror\u00eb Doloreza Musabelliu dhe Ened Naku\u00e7i e kan\u00eb zbatuar urdh\u00ebrin dhe e kan\u00eb mbyllur dosjen pa arritur t\u00eb zbulojn\u00eb se kush fshihet pas saj.<\/p>\n<p>Pak dit\u00eb p\u00ebrpara se makinat Tayota Yaris t\u00eb mbushura me para t\u00eb kapeshin n\u00eb portin e Durr\u00ebsit n\u00eb 24 qershor 2018, Lulzim Basha denoncoi n\u00eb parlament se ato do t\u00eb vinin dhe se ishin t\u00eb lidhura me deputetin socialist Taulant Balla.<\/p>\n<p>Por askush nuk do t\u00eb arrij\u00eb t\u00eb marri vesh se sa t\u00eb v\u00ebrteta ka n\u00eb k\u00ebt\u00eb akuz\u00eb. Pasi Donika Prela q\u00eb pret gjykimin n\u00eb shkall\u00ebn e dyt\u00eb t\u00eb vettingut, urdh\u00ebroi q\u00eb \u00e7\u00ebshtja t\u00eb mbyllej me kaq.<\/p>\n<p>Deri m\u00eb tani t\u00eb arrestuar p\u00ebr \u00e7\u00ebshtjen e bujshme \u2018Toyota Yaris\u2019 jan\u00eb shtetasit Alban Mollaymeri, Edi Lika, Klevi Cani dhe Agim Cekaj, nd\u00ebrsa jan\u00eb n\u00eb k\u00ebrkim nga policia me vendim t\u00eb gjykat\u00ebs kush\u00ebrinjt\u00eb Alfred e Elvis Vladi.<\/p>\n<p>&nbsp;<\/p>","protected":false},"excerpt":{"rendered":"<p>Shtohet dyshimet se dosja hetimore e njohur me emrin\u2019Toyota Yaris\u2019 po tentohet t\u00eb mbyllet, pa u zbardhur mir\u00eb se kush qen\u00eb p\u00ebrfituesit e 3.5 milion\u00eb eurove q\u00eb u kap\u00ebn n\u00eb portin e Durr\u00ebsit. Gazetarja e News24, Klodiana Lala, ka b\u00ebr\u00eb publike sot nj\u00eb shkres\u00eb me firm\u00eb e vul\u00eb t\u00eb prokurores Donika Prela e cila urdh\u00ebron [&hellip;]<\/p>\n","protected":false},"author":2013,"featured_media":88442,"comment_status":"open","ping_status":"closed","sticky":false,"template":"","format":"standard","meta":{"footnotes":""},"categories":[241,235],"tags":[],"class_list":{"0":"post-108647","1":"post","2":"type-post","3":"status-publish","4":"format-standard","5":"has-post-thumbnail","7":"category-aktualitet","8":"category-vendi"},"_links":{"self":[{"href":"https:\/\/zjarr.tv\/en\/wp-json\/wp\/v2\/posts\/108647","targetHints":{"allow":["GET"]}}],"collection":[{"href":"https:\/\/zjarr.tv\/en\/wp-json\/wp\/v2\/posts"}],"about":[{"href":"https:\/\/zjarr.tv\/en\/wp-json\/wp\/v2\/types\/post"}],"author":[{"embeddable":true,"href":"https:\/\/zjarr.tv\/en\/wp-json\/wp\/v2\/users\/2013"}],"replies":[{"embeddable":true,"href":"https:\/\/zjarr.tv\/en\/wp-json\/wp\/v2\/comments?post=108647"}],"version-history":[{"count":0,"href":"https:\/\/zjarr.tv\/en\/wp-json\/wp\/v2\/posts\/108647\/revisions"}],"wp:featuredmedia":[{"embeddable":true,"href":"https:\/\/zjarr.tv\/en\/wp-json\/wp\/v2\/media\/88442"}],"wp:attachment":[{"href":"https:\/\/zjarr.tv\/en\/wp-json\/wp\/v2\/media?parent=108647"}],"wp:term":[{"taxonomy":"category","embeddable":true,"href":"https:\/\/zjarr.tv\/en\/wp-json\/wp\/v2\/categories?post=108647"},{"taxonomy":"post_tag","embeddable":true,"href":"https:\/\/zjarr.tv\/en\/wp-json\/wp\/v2\/tags?post=108647"}],"curies":[{"name":"wp","href":"https:\/\/api.w.org\/{rel}","templated":true}]}}