{"id":108653,"date":"2019-09-24T13:08:03","date_gmt":"2019-09-24T11:08:03","guid":{"rendered":"https:\/\/zjarr.tv\/?p=108653"},"modified":"2019-09-24T13:08:03","modified_gmt":"2019-09-24T11:08:03","slug":"lleshaj-apel-familjeve-te-prekura-nga-termeti-evakuohuni-ne-qendrat-e-pritjes","status":"publish","type":"post","link":"https:\/\/zjarr.tv\/en\/lleshaj-apel-familjeve-te-prekura-nga-termeti-evakuohuni-ne-qendrat-e-pritjes\/","title":{"rendered":"Lleshaj apel familjeve t\u00eb prekura nga t\u00ebrmeti: Evakuohuni n\u00eb qendrat e pritjes"},"content":{"rendered":"<p>Ministri i Brendsh\u00ebm Sand\u00ebr Lleshaj \u00ebsht\u00eb rikthyer n\u00eb zonat m\u00eb t\u00eb prekura nga t\u00ebrmeti i 21 shtatorit, ku p\u00ebrfshihen fshatrat Bodinak, Karpen, Karre\u00e7 dhe Bilalas t\u00eb bashkis\u00eb Shijak.<\/p>\n<p>Ai apeloi p\u00ebr familjet q\u00eb kan\u00eb banesat m\u00eb t\u00eb d\u00ebmtuara, t\u00eb zhvendosen p\u00ebrkoh\u00ebsisht n\u00eb qendrat e p\u00ebrkohshme prit\u00ebse dhe Sht\u00ebpin\u00eb e Pushimit t\u00eb Ministris\u00eb s\u00eb Brendshme n\u00eb Durr\u00ebs.<\/p>\n<p><em>&#8220;Ka nevoja t\u00eb m\u00ebdha p\u00ebr evakuim, p\u00ebr nj\u00eb pjes\u00eb t\u00eb familjeve, t\u00eb cilat jan\u00eb n\u00eb sht\u00ebpit\u00eb e shkat\u00ebrruara plot\u00ebsisht si kjo q\u00eb jemi k\u00ebtu.\u00a0<\/em><em>Un\u00eb ftoj qytetar\u00ebt, t\u00eb cil\u00ebt ndodhen n\u00eb kushte t\u00eb tilla, t\u00eb mundohen t\u00eb gjejn\u00eb mund\u00ebsi p\u00ebr t\u00eb bashk\u00ebpunuar dhe p\u00ebr t\u2019u evakuuar drejt qendrave t\u00eb pritjes q\u00eb kemi krijuar n\u00eb Durrr\u00ebs.<\/em><em>\u00a0Un\u00eb e di q\u00eb kan\u00eb probleme, kan\u00eb bag\u00ebti, kan\u00eb materiale por m\u00eb e r\u00ebnd\u00ebsishmja nga t\u00eb gjitha \u00ebsht\u00eb t\u00eb garantojm\u00eb sigurin\u00eb e k\u00ebtyre qytetar\u00ebve. K\u00ebshtu q\u00eb u b\u00ebj thirrje t\u00eb gjith\u00eb atyre qytetar\u00ebve q\u00eb jan\u00eb n\u00eb kushte t\u00eb ngjashme me k\u00ebt\u00eb familje k\u00ebtu, t\u00eb bashk\u00ebpunojn\u00eb p\u00ebr t\u2019u evakuuar drejt qendrave t\u00eb pritjes q\u00eb kemi nd\u00ebrtuar!&#8221;\u00a0<\/em>u shpreh Lleshaj.<\/p>","protected":false},"excerpt":{"rendered":"<p>Ministri i Brendsh\u00ebm Sand\u00ebr Lleshaj \u00ebsht\u00eb rikthyer n\u00eb zonat m\u00eb t\u00eb prekura nga t\u00ebrmeti i 21 shtatorit, ku p\u00ebrfshihen fshatrat Bodinak, Karpen, Karre\u00e7 dhe Bilalas t\u00eb bashkis\u00eb Shijak. Ai apeloi p\u00ebr familjet q\u00eb kan\u00eb banesat m\u00eb t\u00eb d\u00ebmtuara, t\u00eb zhvendosen p\u00ebrkoh\u00ebsisht n\u00eb qendrat e p\u00ebrkohshme prit\u00ebse dhe Sht\u00ebpin\u00eb e Pushimit t\u00eb Ministris\u00eb s\u00eb Brendshme n\u00eb [&hellip;]<\/p>\n","protected":false},"author":2013,"featured_media":108655,"comment_status":"open","ping_status":"closed","sticky":false,"template":"","format":"standard","meta":{"footnotes":""},"categories":[241,235],"tags":[],"class_list":{"0":"post-108653","1":"post","2":"type-post","3":"status-publish","4":"format-standard","5":"has-post-thumbnail","7":"category-aktualitet","8":"category-vendi"},"_links":{"self":[{"href":"https:\/\/zjarr.tv\/en\/wp-json\/wp\/v2\/posts\/108653","targetHints":{"allow":["GET"]}}],"collection":[{"href":"https:\/\/zjarr.tv\/en\/wp-json\/wp\/v2\/posts"}],"about":[{"href":"https:\/\/zjarr.tv\/en\/wp-json\/wp\/v2\/types\/post"}],"author":[{"embeddable":true,"href":"https:\/\/zjarr.tv\/en\/wp-json\/wp\/v2\/users\/2013"}],"replies":[{"embeddable":true,"href":"https:\/\/zjarr.tv\/en\/wp-json\/wp\/v2\/comments?post=108653"}],"version-history":[{"count":0,"href":"https:\/\/zjarr.tv\/en\/wp-json\/wp\/v2\/posts\/108653\/revisions"}],"wp:featuredmedia":[{"embeddable":true,"href":"https:\/\/zjarr.tv\/en\/wp-json\/wp\/v2\/media\/108655"}],"wp:attachment":[{"href":"https:\/\/zjarr.tv\/en\/wp-json\/wp\/v2\/media?parent=108653"}],"wp:term":[{"taxonomy":"category","embeddable":true,"href":"https:\/\/zjarr.tv\/en\/wp-json\/wp\/v2\/categories?post=108653"},{"taxonomy":"post_tag","embeddable":true,"href":"https:\/\/zjarr.tv\/en\/wp-json\/wp\/v2\/tags?post=108653"}],"curies":[{"name":"wp","href":"https:\/\/api.w.org\/{rel}","templated":true}]}}