{"id":108656,"date":"2019-09-24T13:10:46","date_gmt":"2019-09-24T11:10:46","guid":{"rendered":"https:\/\/zjarr.tv\/?p=108656"},"modified":"2019-09-24T13:10:46","modified_gmt":"2019-09-24T11:10:46","slug":"dalin-detaje-si-ndodhi-aksidenti-me-4-te-vdekur-ne-elbasan","status":"publish","type":"post","link":"https:\/\/zjarr.tv\/en\/dalin-detaje-si-ndodhi-aksidenti-me-4-te-vdekur-ne-elbasan\/","title":{"rendered":"Dalin detaje\/ Si ndodhi aksidenti me 4 t\u00eb vdekur n\u00eb Elbasan"},"content":{"rendered":"<p>Shoferi i makin\u00ebs q\u00eb u p\u00ebrplas n\u00eb Pap\u00ebr t\u00eb Elbasanit dhe p\u00ebr pasoj\u00eb humb\u00ebn jet\u00ebn 4 gra \u00ebsht\u00eb arrestuar.<\/p>\n<p>Sipas policis\u00eb, G\u00ebzim Kotorri akuzohet p\u00ebr shkelje t\u00eb rregullave t\u00eb qarkullimit rrugor me pasoj\u00eb vdekjen e disa personave.<\/p>\n<p>Masa e ndalimit i \u00ebsht\u00eb komunikuar n\u00eb spital, ku ai po merr ndihm\u00ebn mjek\u00ebsore. Ngjarja e r\u00ebnd\u00eb ndodhi pasditen e djeshme n\u00eb aksin Elbasan-Peqin, n\u00eb af\u00ebrsi t\u00eb fshatit Pap\u00ebr.<\/p>\n<div id=\"rekl-13\">\n<div id=\"__sap-ad-15\" class=\"__sap-ads __sap-html tracked\" data-title=\"Credins desktop 08\"><ins><\/p>\n<div id=\"beacon_c5fbe11f9d\"><img loading=\"lazy\" decoding=\"async\" src=\"https:\/\/ads1.medium.al\/www\/delivery\/lg.php?bannerid=373&amp;campaignid=48&amp;zoneid=182&amp;loc=https%3A%2F%2Fwww.syri.net%2Fkronike%2F282406%2Fdalin-detaje-si-ndodhi-aksidenti-me-4-te-vdekur-ne-elbasan%2F&amp;referer=https%3A%2F%2Fwww.syri.net%2Flajme%2F&amp;cb=c5fbe11f9d\" alt=\"\" width=\"0\" height=\"0\" \/><\/div>\n<p><\/ins><\/div>\n<\/div>\n<p>Paraprakisht dyshohet se Kotorri b\u00ebri nj\u00eb parakalim t\u00eb gabuar dhe m\u00eb pas humbi kontrollin e automjetit.<\/p>\n<p>N\u00eb k\u00ebt\u00eb ngjarje humb\u00ebn jet\u00ebn Fatime Hoxha, Fatushe Agolli, Lumturi Hoxha dhe Jonida Kotorri. Ato udh\u00ebtonin nga Tirana drejt fshatit Sht\u00ebpanj\u00eb ku do t\u00eb zhvillohej ceremonia mortore e bashk\u00ebshortit t\u00eb 58-vje\u00e7ares Fatime Hoxha q\u00eb kishte nd\u00ebrruar jet\u00eb n\u00eb spital n\u00eb kryeqytet.<\/p>\n<p>3 persona t\u00eb tjer\u00eb mbet\u00ebn t\u00eb plagosur nga ngjarja.<\/p>","protected":false},"excerpt":{"rendered":"<p>Shoferi i makin\u00ebs q\u00eb u p\u00ebrplas n\u00eb Pap\u00ebr t\u00eb Elbasanit dhe p\u00ebr pasoj\u00eb humb\u00ebn jet\u00ebn 4 gra \u00ebsht\u00eb arrestuar. Sipas policis\u00eb, G\u00ebzim Kotorri akuzohet p\u00ebr shkelje t\u00eb rregullave t\u00eb qarkullimit rrugor me pasoj\u00eb vdekjen e disa personave. Masa e ndalimit i \u00ebsht\u00eb komunikuar n\u00eb spital, ku ai po merr ndihm\u00ebn mjek\u00ebsore. Ngjarja e r\u00ebnd\u00eb ndodhi [&hellip;]<\/p>\n","protected":false},"author":2013,"featured_media":108659,"comment_status":"open","ping_status":"closed","sticky":false,"template":"","format":"standard","meta":{"footnotes":""},"categories":[241,235],"tags":[],"class_list":{"0":"post-108656","1":"post","2":"type-post","3":"status-publish","4":"format-standard","5":"has-post-thumbnail","7":"category-aktualitet","8":"category-vendi"},"_links":{"self":[{"href":"https:\/\/zjarr.tv\/en\/wp-json\/wp\/v2\/posts\/108656","targetHints":{"allow":["GET"]}}],"collection":[{"href":"https:\/\/zjarr.tv\/en\/wp-json\/wp\/v2\/posts"}],"about":[{"href":"https:\/\/zjarr.tv\/en\/wp-json\/wp\/v2\/types\/post"}],"author":[{"embeddable":true,"href":"https:\/\/zjarr.tv\/en\/wp-json\/wp\/v2\/users\/2013"}],"replies":[{"embeddable":true,"href":"https:\/\/zjarr.tv\/en\/wp-json\/wp\/v2\/comments?post=108656"}],"version-history":[{"count":0,"href":"https:\/\/zjarr.tv\/en\/wp-json\/wp\/v2\/posts\/108656\/revisions"}],"wp:featuredmedia":[{"embeddable":true,"href":"https:\/\/zjarr.tv\/en\/wp-json\/wp\/v2\/media\/108659"}],"wp:attachment":[{"href":"https:\/\/zjarr.tv\/en\/wp-json\/wp\/v2\/media?parent=108656"}],"wp:term":[{"taxonomy":"category","embeddable":true,"href":"https:\/\/zjarr.tv\/en\/wp-json\/wp\/v2\/categories?post=108656"},{"taxonomy":"post_tag","embeddable":true,"href":"https:\/\/zjarr.tv\/en\/wp-json\/wp\/v2\/tags?post=108656"}],"curies":[{"name":"wp","href":"https:\/\/api.w.org\/{rel}","templated":true}]}}