{"id":108658,"date":"2019-09-24T13:49:26","date_gmt":"2019-09-24T11:49:26","guid":{"rendered":"https:\/\/zjarr.tv\/?p=108658"},"modified":"2019-09-24T13:49:26","modified_gmt":"2019-09-24T11:49:26","slug":"ambasada-e-shba-per-zyrtaret-e-korruptuar-ndryshimi-qe-po-sjellim-eshte-lajm-i-keq","status":"publish","type":"post","link":"https:\/\/zjarr.tv\/en\/ambasada-e-shba-per-zyrtaret-e-korruptuar-ndryshimi-qe-po-sjellim-eshte-lajm-i-keq\/","title":{"rendered":"Ambasada e SHBA: P\u00ebr zyrtar\u00ebt e korruptuar ndryshimi q\u00eb po sjellim \u00ebsht\u00eb lajm i keq"},"content":{"rendered":"<p><em>&#8220;Jo t\u00eb gjith\u00eb ndajn\u00eb q\u00ebllimet tona p\u00ebr t\u00eb p\u00ebrmir\u00ebsuar zbatimin e ligjit dhe qeverisjen e mir\u00eb n\u00eb Shqip\u00ebri. P\u00ebr zyrtar\u00ebt e korruptuar, ndryshimi q\u00eb ne po sjellim \u00ebsht\u00eb nj\u00eb lajm i keq. \u00cbsht\u00eb si r\u00ebra n\u00eb ingranazhe, e cila shum\u00eb shpejt do b\u00ebj\u00eb q\u00eb aktivitetet e tyre korruptive t\u00eb ndalen&#8221;\u00a0<\/em>u shpreh\u00a0<em>z<\/em>v. Shefi i Misionit n\u00eb detyr\u00eb Dan Koski gjat\u00eb aktivitetit mbi Projektin p\u00ebr Planifikimin dhe Qeverin\u00eb Vendore t\u00eb USAID\/Albania.<\/p>\n<p>M\u00eb tej Koski b\u00ebri thirrje t\u00eb mos shkurajohen sepse n\u00eb horizont \u00ebsht\u00eb nj\u00eb e ardhme m\u00eb e ndritur p\u00ebr Shqip\u00ebrin\u00eb.<\/p>\n<p><em>&#8220;Ne e dim\u00eb se ata do t\u00eb luftojn\u00eb dhe do t\u00eb p\u00ebrpiqen n\u00eb \u00e7do moment t\u00eb bllokojn\u00eb p\u00ebrpjekjet tuaja p\u00ebr t\u00eb \u00e7uar p\u00ebrpara k\u00ebto q\u00ebllime t\u00eb r\u00ebnd\u00ebsishme. Mos u stepni. Mos u shkurajoni. Vazhdoni t\u00eb q\u00ebndroni n\u00eb k\u00ebmb\u00eb dhe t\u00eb luftoni p\u00ebr reformat q\u00eb do t\u00eb forcojn\u00eb shoq\u00ebrin\u00eb shqiptare p\u00ebr ju dhe brezat e ardhsh\u00ebm. Ju besoni q\u00eb n\u00eb horizont \u00ebsht\u00eb nj\u00eb e ardhme m\u00eb e ndritur p\u00ebr Shqip\u00ebrin\u00eb. T\u00eb nj\u00ebjt\u00ebn gj\u00eb mendojm\u00eb edhe ne, dhe do ta vijojm\u00eb k\u00ebt\u00eb rrug\u00ebtim s\u00eb bashku me ju..&#8221;\u00a0<\/em><\/p>","protected":false},"excerpt":{"rendered":"<p>&#8220;Jo t\u00eb gjith\u00eb ndajn\u00eb q\u00ebllimet tona p\u00ebr t\u00eb p\u00ebrmir\u00ebsuar zbatimin e ligjit dhe qeverisjen e mir\u00eb n\u00eb Shqip\u00ebri. P\u00ebr zyrtar\u00ebt e korruptuar, ndryshimi q\u00eb ne po sjellim \u00ebsht\u00eb nj\u00eb lajm i keq. \u00cbsht\u00eb si r\u00ebra n\u00eb ingranazhe, e cila shum\u00eb shpejt do b\u00ebj\u00eb q\u00eb aktivitetet e tyre korruptive t\u00eb ndalen&#8221;\u00a0u shpreh\u00a0zv. Shefi i Misionit n\u00eb [&hellip;]<\/p>\n","protected":false},"author":2013,"featured_media":108694,"comment_status":"open","ping_status":"closed","sticky":false,"template":"","format":"standard","meta":{"footnotes":""},"categories":[241,235],"tags":[],"class_list":{"0":"post-108658","1":"post","2":"type-post","3":"status-publish","4":"format-standard","5":"has-post-thumbnail","7":"category-aktualitet","8":"category-vendi"},"_links":{"self":[{"href":"https:\/\/zjarr.tv\/en\/wp-json\/wp\/v2\/posts\/108658","targetHints":{"allow":["GET"]}}],"collection":[{"href":"https:\/\/zjarr.tv\/en\/wp-json\/wp\/v2\/posts"}],"about":[{"href":"https:\/\/zjarr.tv\/en\/wp-json\/wp\/v2\/types\/post"}],"author":[{"embeddable":true,"href":"https:\/\/zjarr.tv\/en\/wp-json\/wp\/v2\/users\/2013"}],"replies":[{"embeddable":true,"href":"https:\/\/zjarr.tv\/en\/wp-json\/wp\/v2\/comments?post=108658"}],"version-history":[{"count":0,"href":"https:\/\/zjarr.tv\/en\/wp-json\/wp\/v2\/posts\/108658\/revisions"}],"wp:featuredmedia":[{"embeddable":true,"href":"https:\/\/zjarr.tv\/en\/wp-json\/wp\/v2\/media\/108694"}],"wp:attachment":[{"href":"https:\/\/zjarr.tv\/en\/wp-json\/wp\/v2\/media?parent=108658"}],"wp:term":[{"taxonomy":"category","embeddable":true,"href":"https:\/\/zjarr.tv\/en\/wp-json\/wp\/v2\/categories?post=108658"},{"taxonomy":"post_tag","embeddable":true,"href":"https:\/\/zjarr.tv\/en\/wp-json\/wp\/v2\/tags?post=108658"}],"curies":[{"name":"wp","href":"https:\/\/api.w.org\/{rel}","templated":true}]}}