{"id":108661,"date":"2019-09-24T13:20:44","date_gmt":"2019-09-24T11:20:44","guid":{"rendered":"https:\/\/zjarr.tv\/?p=108661"},"modified":"2019-09-24T13:20:44","modified_gmt":"2019-09-24T11:20:44","slug":"kroacia-po-lobon-ne-okb-kunder-ndarjes-se-territoreve-ne-negociatat-kosove-serbi","status":"publish","type":"post","link":"https:\/\/zjarr.tv\/en\/kroacia-po-lobon-ne-okb-kunder-ndarjes-se-territoreve-ne-negociatat-kosove-serbi\/","title":{"rendered":"Kroacia po lobon n\u00eb OKB kund\u00ebr ndarjes s\u00eb territoreve n\u00eb negociatat Kosov\u00eb \u2013 Serbi"},"content":{"rendered":"<p>Presidentja e Kroacis\u00eb, Kolinda Grabar-Kitaroviq, \u00ebsht\u00eb duke marr\u00eb pjes\u00eb n\u00eb mbledhjen e 74-t\u00eb t\u00eb Asambles\u00eb s\u00eb P\u00ebrgjithshme t\u00eb Kombeve t\u00eb Bashkuara q\u00eb po mbahet n\u00eb New York, shkruan Gazeta Express<\/p>\n<p>Kitaroviq atje \u00ebsht\u00eb takuar me Sekretarin Gjeneral t\u00eb Kombeve t\u00eb Bashkuara, Antonio Guterres, me t\u00eb cilin ka biseduar edhe p\u00ebr situat\u00ebn n\u00eb Ballkanin Per\u00ebndimor.<\/p>\n<div id=\"rekl-28\"><\/div>\n<p>Presidentja kroate n\u00eb k\u00ebt\u00eb takim me Guterres ka ngritur shqet\u00ebsimet p\u00ebr p\u00ebrpjekjet q\u00eb t\u00eb ket\u00eb pazare me kufijt\u00eb, duke th\u00ebn\u00eb se nj\u00eb shk\u00ebmbim i mundsh\u00ebm i territoreve nd\u00ebrmjet Kosov\u00ebs dhe Serbis\u00eb do t\u00eb hapte \u201cKutin\u00eb e Pandor\u00ebs\u201d n\u00eb Evrop\u00ebn Juglindore.<\/p>\n<div id=\"rekl-13\">\n<div id=\"__sap-ad-15\" class=\"__sap-ads __sap-html tracked\" data-title=\"Credins desktop 08\"><ins><\/p>\n<div id=\"beacon_0117a997eb\"><\/div>\n<p><\/ins><\/div>\n<\/div>\n<p>Ajo ka th\u00ebn\u00eb se nj\u00eb ide e till\u00eb do t\u00eb nxiste edhe l\u00ebvizje t\u00eb tjera t\u00eb kufijve n\u00eb t\u00eb gjitha vendet e ish-Jugosllavis\u00eb.<\/p>\n<p>\u201cP\u00ebrmenda edhe shk\u00ebmbimin e territoreve dhe thash se ajo \u00ebsht\u00eb nj\u00eb ide shum\u00eb e keqe q\u00eb do t\u00eb hapte kutin\u00eb e Pandor\u00ebs dhe q\u00eb do t\u00eb \u00e7onte n\u00eb k\u00ebrkesa t\u00eb ndryshme p\u00ebr shk\u00ebmbime territoresh n\u00eb t\u00ebr\u00eb territorin e ish-Jugosllavis\u00eb\u201d, ka th\u00ebn\u00eb presidentja kroate, shkruan Total-Croatia, transmeton Gazeta Express.<\/p>\n<p>N\u00eb k\u00ebt\u00eb takim, gjithashtu, \u00ebsht\u00eb diskutuar edhe p\u00ebr situat\u00ebn n\u00eb Bosnje e Hercegovin\u00eb, nd\u00ebrkoh\u00eb Kitaroviq ka th\u00ebn\u00eb se shteti i saj do t\u00eb b\u00ebj\u00eb gjith\u00e7ka q\u00eb \u00ebsht\u00eb e mundur p\u00ebr t\u00eb ruajtur qet\u00ebsin\u00eb n\u00eb rajon.<\/p>\n<p>\u201cDo t\u00eb ndihmojm\u00eb n\u00eb stabilizimin e m\u00ebtejsh\u00ebm t\u00eb situat\u00ebs dhe n\u00eb zgjidhjen e \u00e7\u00ebshtjeve t\u00eb cilat kan\u00eb mbetur ende pa u zgjidhur\u201d, ka shtuar tutje ajo.<\/p>\n<p>Ideja p\u00ebr korrigjim t\u00eb kufijve dhe shk\u00ebmbim t\u00eb territoreve \u00ebsht\u00eb ngjizur n\u00eb Forumin e Aplbachut n\u00eb Austri, nd\u00ebrkoh\u00eb \u00ebsht\u00eb kund\u00ebrshtuar ashp\u00ebr nga Gjermania dhe Franca.<\/p>\n<p>Kitaroviq q\u00eb nga fillimi ka kritikuar nj\u00eb ide t\u00eb till\u00eb p\u00ebr korrigjim t\u00eb kufijve dhe shk\u00ebmbim t\u00eb territoreve nd\u00ebrmjet Kosov\u00ebs dhe Serbis\u00eb.<\/p>\n<p>Nj\u00eb gj\u00eb t\u00eb till\u00eb ajo ia ka th\u00ebn\u00eb edhe Hashim Tha\u00e7it gjat\u00eb nj\u00eb takimi dypal\u00ebsh q\u00eb kan\u00eb pasur.<\/p>\n<p>Presidentja kroate, gjithashtu, ka treguar se Guterres \u00ebsht\u00eb interesuar t\u00eb dij\u00eb se \u00e7far\u00eb do t\u00eb b\u00ebj\u00eb Kroacia p\u00ebrgjat\u00eb koh\u00ebs sa do t\u00eb drejtoj\u00eb Bashkimin Evropian.<\/p>\n<p>Dialogu nd\u00ebrmjet Kosov\u00ebs dhe Serbis\u00eb ka ngecur q\u00eb nga n\u00ebntori i vitit t\u00eb kaluar p\u00ebr shkak t\u00eb vendimit t\u00eb Qeveris\u00eb s\u00eb Republik\u00ebs s\u00eb Kosov\u00ebs p\u00ebr taks\u00eb ndaj produkteve me origjin\u00eb nga Serbia dhe Bosnja e Hercegovina.<\/p>\n<p>Haradinaj, nd\u00ebrsa, ka th\u00ebn\u00eb q\u00eb ky vendim p\u00ebr taks\u00eb gjithashtu ka bllokuar edhe diskutimet p\u00ebr pazare me territore nd\u00ebrmjet Kosov\u00ebs dhe Serbis\u00eb.<\/p>\n<p>Nd\u00ebrkoh\u00eb presioni p\u00ebr vazhdimin e dialogut me afrimin e fundvitit po rritet. Sekretari Amerikan, Mike Pompeo, ka caktuar Matthew Palmer si P\u00ebrfaq\u00ebsues Special p\u00ebr Kosov\u00ebn, duke treguar se do t\u00eb involvohen direkt n\u00eb dialogun mes Prishtin\u00ebs dhe Beogradit.<\/p>\n<p>Nj\u00eb p\u00ebrfaq\u00ebsues special p\u00ebr Ballkanin Per\u00ebndimor thuhet se do ta ket\u00eb edhe Bashkimi Evropian, nd\u00ebrkoh\u00eb \u00ebsht\u00eb raportuar se at\u00eb do ta caktoj\u00eb Gjermania.<\/p>\n<p>Megjithat\u00eb, nga Qeveria gjermane \u00ebsht\u00eb th\u00ebn\u00eb se nj\u00eb gj\u00eb e till\u00eb i p\u00ebrket Komisionit Evropian dhe P\u00ebrfaq\u00ebsuesit t\u00eb Lart\u00eb q\u00eb do t\u00eb marr\u00eb detyr\u00ebn, Josep Borell.<\/p>","protected":false},"excerpt":{"rendered":"<p>Presidentja e Kroacis\u00eb, Kolinda Grabar-Kitaroviq, \u00ebsht\u00eb duke marr\u00eb pjes\u00eb n\u00eb mbledhjen e 74-t\u00eb t\u00eb Asambles\u00eb s\u00eb P\u00ebrgjithshme t\u00eb Kombeve t\u00eb Bashkuara q\u00eb po mbahet n\u00eb New York, shkruan Gazeta Express Kitaroviq atje \u00ebsht\u00eb takuar me Sekretarin Gjeneral t\u00eb Kombeve t\u00eb Bashkuara, Antonio Guterres, me t\u00eb cilin ka biseduar edhe p\u00ebr situat\u00ebn n\u00eb Ballkanin Per\u00ebndimor. Presidentja [&hellip;]<\/p>\n","protected":false},"author":2013,"featured_media":108662,"comment_status":"open","ping_status":"closed","sticky":false,"template":"","format":"standard","meta":{"footnotes":""},"categories":[241,235],"tags":[],"class_list":{"0":"post-108661","1":"post","2":"type-post","3":"status-publish","4":"format-standard","5":"has-post-thumbnail","7":"category-aktualitet","8":"category-vendi"},"_links":{"self":[{"href":"https:\/\/zjarr.tv\/en\/wp-json\/wp\/v2\/posts\/108661","targetHints":{"allow":["GET"]}}],"collection":[{"href":"https:\/\/zjarr.tv\/en\/wp-json\/wp\/v2\/posts"}],"about":[{"href":"https:\/\/zjarr.tv\/en\/wp-json\/wp\/v2\/types\/post"}],"author":[{"embeddable":true,"href":"https:\/\/zjarr.tv\/en\/wp-json\/wp\/v2\/users\/2013"}],"replies":[{"embeddable":true,"href":"https:\/\/zjarr.tv\/en\/wp-json\/wp\/v2\/comments?post=108661"}],"version-history":[{"count":0,"href":"https:\/\/zjarr.tv\/en\/wp-json\/wp\/v2\/posts\/108661\/revisions"}],"wp:featuredmedia":[{"embeddable":true,"href":"https:\/\/zjarr.tv\/en\/wp-json\/wp\/v2\/media\/108662"}],"wp:attachment":[{"href":"https:\/\/zjarr.tv\/en\/wp-json\/wp\/v2\/media?parent=108661"}],"wp:term":[{"taxonomy":"category","embeddable":true,"href":"https:\/\/zjarr.tv\/en\/wp-json\/wp\/v2\/categories?post=108661"},{"taxonomy":"post_tag","embeddable":true,"href":"https:\/\/zjarr.tv\/en\/wp-json\/wp\/v2\/tags?post=108661"}],"curies":[{"name":"wp","href":"https:\/\/api.w.org\/{rel}","templated":true}]}}