{"id":108734,"date":"2019-09-24T14:32:05","date_gmt":"2019-09-24T12:32:05","guid":{"rendered":"https:\/\/zjarr.tv\/?p=108734"},"modified":"2019-09-24T14:32:05","modified_gmt":"2019-09-24T12:32:05","slug":"pas-termetit-autoritetet-evakuojne-banoret-e-nje-pallati-te-myslym-shyri","status":"publish","type":"post","link":"https:\/\/zjarr.tv\/en\/pas-termetit-autoritetet-evakuojne-banoret-e-nje-pallati-te-myslym-shyri\/","title":{"rendered":"Pas t\u00ebrmetit, autoritetet evakuojn\u00eb banor\u00ebt e nj\u00eb pallati te `Myslym Shyri`"},"content":{"rendered":"<div class=\"readmore-text-here\">\n<p>Nj\u00eb pallat pran\u00eb rrug\u00ebs Myslym Shyri n\u00eb Tiran\u00eb kategorizohet, si nj\u00eb nga rastet emergjente pas t\u00ebrmetit.<\/p>\n<p>B\u00ebhet fjal\u00eb p\u00ebr nj\u00eb godin\u00eb te nd\u00ebrtuar n\u00eb vitet \u201860 ku l\u00ebkundjet e kan\u00eb b\u00ebr\u00eb katin e fundit t\u00eb tij, t\u00eb rreziksh\u00ebm p\u00ebr t\u00eb banuar. Grupet e inspektimit kan\u00eb mb\u00ebrritur p\u00ebr t\u00eb verifikuar situat\u00ebn, \u00e7ka detyron zhvendosjen e banor\u00ebve raporton Vizion Plus.<\/p>\n<p>Jan\u00eb 8 persona q\u00eb banojn\u00eb n\u00eb katin e fundit q\u00eb sipas p\u00ebrfaq\u00ebsuesve t\u00eb pushtetit lokal, do t\u00eb strehohen n\u00eb qendrat e bashkis\u00eb, deri n\u00eb riprojektimin dhe rikonstruksionin e godin\u00ebs.<\/p>\n<div id=\"rekl-13\">\n<div id=\"__sap-ad-15\" class=\"__sap-ads __sap-html tracked\" data-title=\"Credins desktop 08\"><ins><\/p>\n<div id=\"beacon_d8c0006c00\"><img loading=\"lazy\" decoding=\"async\" src=\"https:\/\/ads1.medium.al\/www\/delivery\/lg.php?bannerid=373&amp;campaignid=48&amp;zoneid=182&amp;loc=https%3A%2F%2Fwww.syri.net%2Fkronike%2F282432%2Fpas-termetit-autoritetet-evakuojne-banoret-e-nje-pallati-te-myslym-shyri%2F&amp;referer=https%3A%2F%2Fwww.syri.net%2Flajme%2F&amp;cb=d8c0006c00\" alt=\"\" width=\"0\" height=\"0\" \/><\/div>\n<p><\/ins><\/div>\n<\/div>\n<p>E zonja e sht\u00ebpis\u00eb Donika Kashari tregon momentet e panikut gjat\u00eb l\u00ebkundjeve, moment i cili do t\u00eb mbetet gjat\u00eb n\u00eb kujtes\u00ebn e saj.<\/p>\n<p>Sipas t\u00eb dh\u00ebnave raste t\u00eb tilla ka n\u00eb disa zona t\u00eb Tiran\u00ebs, ku si pasoj\u00eb e amortizimit t\u00eb godinave t\u00eb vjetra, l\u00ebkundjet kan\u00eb shkaktuar d\u00ebme shqet\u00ebsuese.<\/p>\n<\/div>\n<div id=\"rekl-33\"><\/div>","protected":false},"excerpt":{"rendered":"<p>Nj\u00eb pallat pran\u00eb rrug\u00ebs Myslym Shyri n\u00eb Tiran\u00eb kategorizohet, si nj\u00eb nga rastet emergjente pas t\u00ebrmetit. B\u00ebhet fjal\u00eb p\u00ebr nj\u00eb godin\u00eb te nd\u00ebrtuar n\u00eb vitet \u201860 ku l\u00ebkundjet e kan\u00eb b\u00ebr\u00eb katin e fundit t\u00eb tij, t\u00eb rreziksh\u00ebm p\u00ebr t\u00eb banuar. Grupet e inspektimit kan\u00eb mb\u00ebrritur p\u00ebr t\u00eb verifikuar situat\u00ebn, \u00e7ka detyron zhvendosjen e banor\u00ebve [&hellip;]<\/p>\n","protected":false},"author":2013,"featured_media":108736,"comment_status":"open","ping_status":"closed","sticky":false,"template":"","format":"standard","meta":{"footnotes":""},"categories":[241,235],"tags":[],"class_list":{"0":"post-108734","1":"post","2":"type-post","3":"status-publish","4":"format-standard","5":"has-post-thumbnail","7":"category-aktualitet","8":"category-vendi"},"_links":{"self":[{"href":"https:\/\/zjarr.tv\/en\/wp-json\/wp\/v2\/posts\/108734","targetHints":{"allow":["GET"]}}],"collection":[{"href":"https:\/\/zjarr.tv\/en\/wp-json\/wp\/v2\/posts"}],"about":[{"href":"https:\/\/zjarr.tv\/en\/wp-json\/wp\/v2\/types\/post"}],"author":[{"embeddable":true,"href":"https:\/\/zjarr.tv\/en\/wp-json\/wp\/v2\/users\/2013"}],"replies":[{"embeddable":true,"href":"https:\/\/zjarr.tv\/en\/wp-json\/wp\/v2\/comments?post=108734"}],"version-history":[{"count":0,"href":"https:\/\/zjarr.tv\/en\/wp-json\/wp\/v2\/posts\/108734\/revisions"}],"wp:featuredmedia":[{"embeddable":true,"href":"https:\/\/zjarr.tv\/en\/wp-json\/wp\/v2\/media\/108736"}],"wp:attachment":[{"href":"https:\/\/zjarr.tv\/en\/wp-json\/wp\/v2\/media?parent=108734"}],"wp:term":[{"taxonomy":"category","embeddable":true,"href":"https:\/\/zjarr.tv\/en\/wp-json\/wp\/v2\/categories?post=108734"},{"taxonomy":"post_tag","embeddable":true,"href":"https:\/\/zjarr.tv\/en\/wp-json\/wp\/v2\/tags?post=108734"}],"curies":[{"name":"wp","href":"https:\/\/api.w.org\/{rel}","templated":true}]}}