{"id":108826,"date":"2019-09-25T12:53:06","date_gmt":"2019-09-25T10:53:06","guid":{"rendered":"https:\/\/zjarr.tv\/?p=108826"},"modified":"2019-09-25T12:53:06","modified_gmt":"2019-09-25T10:53:06","slug":"presidenti-meta-citon-trump-nuk-ka-demokraci-pa-sovranitet","status":"publish","type":"post","link":"https:\/\/zjarr.tv\/en\/presidenti-meta-citon-trump-nuk-ka-demokraci-pa-sovranitet\/","title":{"rendered":"Presidenti Meta citon Trump: Nuk ka demokraci, pa sovranitet"},"content":{"rendered":"<div class=\"readmore-text-here\">\n<p>Presidenti i Republik\u00ebs Ilir Meta ka postuar n\u00eb faqen e tij n\u00eb facebook nj\u00eb video t\u00eb Presidentit Amerikan Donald Trump i cili gjat\u00eb nj\u00eb fjalimi n\u00eb OKB p\u00ebr\u00e7oi mesazhin se \u201cNuk ka demokraci pa sovranitet\u201d.<\/p>\n<p>Ja postimi i plot\u00eb i Met\u00ebs bashk\u00eb me videon:<\/p>\n<p>T\u00eb dashur miq,<br \/>\nE adhuroj k\u00ebt\u00eb th\u00ebnie t\u00eb Presidentit Trump: &#8220;Nuk ka DEMOKRACI, pa SOVRANITET&#8221;<\/p>\n<div id=\"rekl-13\">\n<div id=\"__sap-ad-15\" class=\"__sap-ads __sap-html tracked\" data-title=\"Credins desktop 08\"><ins><\/p>\n<div id=\"beacon_c044162328\"><img loading=\"lazy\" decoding=\"async\" src=\"https:\/\/ads1.medium.al\/www\/delivery\/lg.php?bannerid=373&amp;campaignid=48&amp;zoneid=182&amp;loc=https%3A%2F%2Fwww.syri.net%2Fpolitike%2F282624%2Fpresidenti-meta-citon-trump-nuk-ka-demokraci-pa-sovranitet%2F&amp;referer=https%3A%2F%2Fwww.syri.net%2Flajme%2F&amp;cb=c044162328\" alt=\"\" width=\"0\" height=\"0\" \/><\/div>\n<p><\/ins><\/div>\n<\/div>\n<p><iframe loading=\"lazy\" src=\"https:\/\/video.syri.net\/embed\/rl9RNnzSMZBVEH6\" width=\"700\" height=\"400\" frameborder=\"0\" allowfullscreen=\"allowfullscreen\" data-mce-fragment=\"1\"><\/iframe><\/p>\n<p><img decoding=\"async\" src=\"https:\/\/www.syri.net\/uploads\/syri.net\/images\/2019\/September\/25\/auto_meta_trump1569407420.png\" alt=\"Image\" \/><\/p>\n<\/div>\n<div id=\"rekl-33\"><\/div>\n<p>&nbsp;<\/p>","protected":false},"excerpt":{"rendered":"<p>Presidenti i Republik\u00ebs Ilir Meta ka postuar n\u00eb faqen e tij n\u00eb facebook nj\u00eb video t\u00eb Presidentit Amerikan Donald Trump i cili gjat\u00eb nj\u00eb fjalimi n\u00eb OKB p\u00ebr\u00e7oi mesazhin se \u201cNuk ka demokraci pa sovranitet\u201d. Ja postimi i plot\u00eb i Met\u00ebs bashk\u00eb me videon: T\u00eb dashur miq, E adhuroj k\u00ebt\u00eb th\u00ebnie t\u00eb Presidentit Trump: &#8220;Nuk [&hellip;]<\/p>\n","protected":false},"author":2013,"featured_media":85288,"comment_status":"open","ping_status":"closed","sticky":false,"template":"","format":"standard","meta":{"footnotes":""},"categories":[241,235],"tags":[],"class_list":{"0":"post-108826","1":"post","2":"type-post","3":"status-publish","4":"format-standard","5":"has-post-thumbnail","7":"category-aktualitet","8":"category-vendi"},"_links":{"self":[{"href":"https:\/\/zjarr.tv\/en\/wp-json\/wp\/v2\/posts\/108826","targetHints":{"allow":["GET"]}}],"collection":[{"href":"https:\/\/zjarr.tv\/en\/wp-json\/wp\/v2\/posts"}],"about":[{"href":"https:\/\/zjarr.tv\/en\/wp-json\/wp\/v2\/types\/post"}],"author":[{"embeddable":true,"href":"https:\/\/zjarr.tv\/en\/wp-json\/wp\/v2\/users\/2013"}],"replies":[{"embeddable":true,"href":"https:\/\/zjarr.tv\/en\/wp-json\/wp\/v2\/comments?post=108826"}],"version-history":[{"count":0,"href":"https:\/\/zjarr.tv\/en\/wp-json\/wp\/v2\/posts\/108826\/revisions"}],"wp:featuredmedia":[{"embeddable":true,"href":"https:\/\/zjarr.tv\/en\/wp-json\/wp\/v2\/media\/85288"}],"wp:attachment":[{"href":"https:\/\/zjarr.tv\/en\/wp-json\/wp\/v2\/media?parent=108826"}],"wp:term":[{"taxonomy":"category","embeddable":true,"href":"https:\/\/zjarr.tv\/en\/wp-json\/wp\/v2\/categories?post=108826"},{"taxonomy":"post_tag","embeddable":true,"href":"https:\/\/zjarr.tv\/en\/wp-json\/wp\/v2\/tags?post=108826"}],"curies":[{"name":"wp","href":"https:\/\/api.w.org\/{rel}","templated":true}]}}