{"id":108848,"date":"2019-09-25T13:06:56","date_gmt":"2019-09-25T11:06:56","guid":{"rendered":"https:\/\/zjarr.tv\/?p=108848"},"modified":"2019-09-25T13:06:56","modified_gmt":"2019-09-25T11:06:56","slug":"gare-e-forte-per-kryeprokuror-klp-skualifikon-1-nga-4-kandidatet-kriteri-qe-dogji-lulzim-alushajn","status":"publish","type":"post","link":"https:\/\/zjarr.tv\/en\/gare-e-forte-per-kryeprokuror-klp-skualifikon-1-nga-4-kandidatet-kriteri-qe-dogji-lulzim-alushajn\/","title":{"rendered":"Gar\u00eb e fort\u00eb p\u00ebr kryeprokuror, KLP skualifikon 1 nga 4 kandidat\u00ebt. Kriteri q\u00eb \u2018dogji\u2019 Lulzim Alushajn"},"content":{"rendered":"<p>K\u00ebshilli i Lart\u00eb i Prokuroris\u00eb\u00a0 gjat\u00eb mbledhjes s\u00eb sotme ka vler\u00ebsuar kandidat\u00ebt, t\u00eb cil\u00ebt jan\u00eb futur n\u00eb gar\u00eb dhe synojn\u00eb t\u00eb marrin drejtimin e postit t\u00eb kryeprokurorit t\u00eb vendit.<\/p>\n<p>Ky institucion, pasi shqyrtoi t\u00eb gjith\u00eb dokumentacionin e nevojsh\u00ebm vendosi t\u2019u jap\u00eb t\u00eb drejt\u00ebn tre kandidat\u00ebve si Arta Marku, Olsian \u00c7ela dhe Fationa Mem\u00e7aj p\u00ebr t\u00eb vijuar gar\u00ebn, nd\u00ebrsa kandidati i kat\u00ebrt, Lulzim Alushaj ka ngecur\u00a0 tek vitet e pun\u00ebs, pasi sipas ligjit, kandidati duhet t\u00eb ket\u00eb ushtruar t\u00eb pakt\u00ebn 15 vite pun\u00eb\u00a0 si jurist i spikatur.<\/p>\n<p>Kandidati Alushaj nuk plot\u00ebson k\u00ebt\u00eb kriter dhe si pasoj\u00eb, ai nuk mund t\u00eb ushtroj\u00eb t\u00eb drejt\u00ebn e gar\u00ebs.<\/p>","protected":false},"excerpt":{"rendered":"<p>K\u00ebshilli i Lart\u00eb i Prokuroris\u00eb\u00a0 gjat\u00eb mbledhjes s\u00eb sotme ka vler\u00ebsuar kandidat\u00ebt, t\u00eb cil\u00ebt jan\u00eb futur n\u00eb gar\u00eb dhe synojn\u00eb t\u00eb marrin drejtimin e postit t\u00eb kryeprokurorit t\u00eb vendit. Ky institucion, pasi shqyrtoi t\u00eb gjith\u00eb dokumentacionin e nevojsh\u00ebm vendosi t\u2019u jap\u00eb t\u00eb drejt\u00ebn tre kandidat\u00ebve si Arta Marku, Olsian \u00c7ela dhe Fationa Mem\u00e7aj p\u00ebr t\u00eb [&hellip;]<\/p>\n","protected":false},"author":2013,"featured_media":108850,"comment_status":"open","ping_status":"closed","sticky":false,"template":"","format":"standard","meta":{"footnotes":""},"categories":[241,235],"tags":[],"class_list":{"0":"post-108848","1":"post","2":"type-post","3":"status-publish","4":"format-standard","5":"has-post-thumbnail","7":"category-aktualitet","8":"category-vendi"},"_links":{"self":[{"href":"https:\/\/zjarr.tv\/en\/wp-json\/wp\/v2\/posts\/108848","targetHints":{"allow":["GET"]}}],"collection":[{"href":"https:\/\/zjarr.tv\/en\/wp-json\/wp\/v2\/posts"}],"about":[{"href":"https:\/\/zjarr.tv\/en\/wp-json\/wp\/v2\/types\/post"}],"author":[{"embeddable":true,"href":"https:\/\/zjarr.tv\/en\/wp-json\/wp\/v2\/users\/2013"}],"replies":[{"embeddable":true,"href":"https:\/\/zjarr.tv\/en\/wp-json\/wp\/v2\/comments?post=108848"}],"version-history":[{"count":0,"href":"https:\/\/zjarr.tv\/en\/wp-json\/wp\/v2\/posts\/108848\/revisions"}],"wp:featuredmedia":[{"embeddable":true,"href":"https:\/\/zjarr.tv\/en\/wp-json\/wp\/v2\/media\/108850"}],"wp:attachment":[{"href":"https:\/\/zjarr.tv\/en\/wp-json\/wp\/v2\/media?parent=108848"}],"wp:term":[{"taxonomy":"category","embeddable":true,"href":"https:\/\/zjarr.tv\/en\/wp-json\/wp\/v2\/categories?post=108848"},{"taxonomy":"post_tag","embeddable":true,"href":"https:\/\/zjarr.tv\/en\/wp-json\/wp\/v2\/tags?post=108848"}],"curies":[{"name":"wp","href":"https:\/\/api.w.org\/{rel}","templated":true}]}}