{"id":108856,"date":"2019-09-25T13:09:26","date_gmt":"2019-09-25T11:09:26","guid":{"rendered":"https:\/\/zjarr.tv\/?p=108856"},"modified":"2019-09-25T13:09:26","modified_gmt":"2019-09-25T11:09:26","slug":"koordinatori-i-okb-shba-mbeshtet-integrimin-e-shqiperise-ne-be-i-rendesishem-per-zhvillimin","status":"publish","type":"post","link":"https:\/\/zjarr.tv\/en\/koordinatori-i-okb-shba-mbeshtet-integrimin-e-shqiperise-ne-be-i-rendesishem-per-zhvillimin\/","title":{"rendered":"Koordinatori i OKB: SHBA mb\u00ebshtet integrimin e Shqip\u00ebris\u00eb n\u00eb BE, i r\u00ebnd\u00ebsish\u00ebm p\u00ebr zhvillimin"},"content":{"rendered":"<p>Koordinatori i OKB, Brajan Williams, ka deklaruar se Shtetet e Bashkuara t\u00eb Amerik\u00ebs mb\u00ebshtesin aspirat\u00ebn e Shqip\u00ebris\u00eb p\u00ebr t\u2019u b\u00ebr\u00eb pjes\u00eb e Bashkimit Evropian.<\/p>\n<p>Sipas tij, sa m\u00eb shpejt duhet t\u00eb b\u00ebhet bashk\u00ebpunimi mes institucioneve shqiptare dhe atyre t\u00eb BE, pasi aq m\u00eb i shpejt\u00eb dhe i mir\u00eb do t\u00eb jet\u00eb zhvillimi i Shqip\u00ebris\u00eb.<\/p>\n<p>\u201cSHBA mb\u00ebshtet aspirat\u00ebn e Shqip\u00ebris\u00eb p\u00ebr n\u00eb BE. Sa m\u00eb shpejt t\u00eb b\u00ebhet bashk\u00ebpunimi mes institucioneve shqiptare dhe atyre t\u00eb BE q\u00eb m\u00eb i mir\u00eb dhe m\u00eb i shpejt\u00eb do t\u00eb jet\u00eb zhvillimi i Shqip\u00ebris\u00eb.<\/p>\n<p>Integrimi n\u00eb Be \u00ebsht\u00eb i r\u00ebnd\u00ebsish\u00ebm, sepse ndikimin n\u00eb p\u00ebrparimin e Shqip\u00ebris\u00eb nuk ka lidhje t\u00eb qenit brenda apo jasht\u00eb, por t\u00eb gjitha masat q\u00eb lidhen me zhvillimin e q\u00ebndruesh\u00ebm t\u00eb Shqip\u00ebris\u00eb dhe institucioneve shqiptare duhet t\u00eb ecin n\u00eb m\u00ebnyr\u00eb paralele.<\/p>\n<p>Qytetar\u00ebt e Shqip\u00ebris\u00eb i meritojn\u00eb objektivat e zhvillimit t\u00eb q\u00ebndruesh\u00ebm dhe integrimi evropian \u00ebsht\u00eb nj\u00eb nga format p\u00ebr t\u2019i arritur k\u00ebto objektiva sa m\u00eb shpejt\u201d, ka deklaruar zyrtari i lart\u00eb amerikan.<\/p>","protected":false},"excerpt":{"rendered":"<p>Koordinatori i OKB, Brajan Williams, ka deklaruar se Shtetet e Bashkuara t\u00eb Amerik\u00ebs mb\u00ebshtesin aspirat\u00ebn e Shqip\u00ebris\u00eb p\u00ebr t\u2019u b\u00ebr\u00eb pjes\u00eb e Bashkimit Evropian. Sipas tij, sa m\u00eb shpejt duhet t\u00eb b\u00ebhet bashk\u00ebpunimi mes institucioneve shqiptare dhe atyre t\u00eb BE, pasi aq m\u00eb i shpejt\u00eb dhe i mir\u00eb do t\u00eb jet\u00eb zhvillimi i Shqip\u00ebris\u00eb. \u201cSHBA [&hellip;]<\/p>\n","protected":false},"author":2013,"featured_media":108858,"comment_status":"open","ping_status":"closed","sticky":false,"template":"","format":"standard","meta":{"footnotes":""},"categories":[241,235],"tags":[],"class_list":{"0":"post-108856","1":"post","2":"type-post","3":"status-publish","4":"format-standard","5":"has-post-thumbnail","7":"category-aktualitet","8":"category-vendi"},"_links":{"self":[{"href":"https:\/\/zjarr.tv\/en\/wp-json\/wp\/v2\/posts\/108856","targetHints":{"allow":["GET"]}}],"collection":[{"href":"https:\/\/zjarr.tv\/en\/wp-json\/wp\/v2\/posts"}],"about":[{"href":"https:\/\/zjarr.tv\/en\/wp-json\/wp\/v2\/types\/post"}],"author":[{"embeddable":true,"href":"https:\/\/zjarr.tv\/en\/wp-json\/wp\/v2\/users\/2013"}],"replies":[{"embeddable":true,"href":"https:\/\/zjarr.tv\/en\/wp-json\/wp\/v2\/comments?post=108856"}],"version-history":[{"count":0,"href":"https:\/\/zjarr.tv\/en\/wp-json\/wp\/v2\/posts\/108856\/revisions"}],"wp:featuredmedia":[{"embeddable":true,"href":"https:\/\/zjarr.tv\/en\/wp-json\/wp\/v2\/media\/108858"}],"wp:attachment":[{"href":"https:\/\/zjarr.tv\/en\/wp-json\/wp\/v2\/media?parent=108856"}],"wp:term":[{"taxonomy":"category","embeddable":true,"href":"https:\/\/zjarr.tv\/en\/wp-json\/wp\/v2\/categories?post=108856"},{"taxonomy":"post_tag","embeddable":true,"href":"https:\/\/zjarr.tv\/en\/wp-json\/wp\/v2\/tags?post=108856"}],"curies":[{"name":"wp","href":"https:\/\/api.w.org\/{rel}","templated":true}]}}