{"id":108861,"date":"2019-09-25T13:15:38","date_gmt":"2019-09-25T11:15:38","guid":{"rendered":"https:\/\/zjarr.tv\/?p=108861"},"modified":"2019-09-25T13:15:38","modified_gmt":"2019-09-25T11:15:38","slug":"sherri-per-ivi-kason-hajdari-zbulon-arsyen-e-revoltimit-te-deputeteve-opozitare","status":"publish","type":"post","link":"https:\/\/zjarr.tv\/en\/sherri-per-ivi-kason-hajdari-zbulon-arsyen-e-revoltimit-te-deputeteve-opozitare\/","title":{"rendered":"Sherri p\u00ebr Ivi Kason, Hajdari zbulon arsyen e revoltimit t\u00eb deputet\u00ebve opozitar\u00eb"},"content":{"rendered":"<p>Bashk\u00ebkryetarja e komisionit p\u00ebr reform\u00ebn zgjedhore, Rudina Hajdari, rikthehet n\u00eb tryez\u00ebn e OSBE p\u00ebr reform\u00ebn zgjedhore. Bashk\u00eb me t\u00eb edhe deputet\u00ebt Nimet Musai dhe Ralf Gjoni. Diskutimet vijojn\u00eb. N\u00eb fund t\u00eb tryez\u00ebs pritet q\u00ebndrimi i Gjiknurit dhe Hajdarit.<\/p>\n<p><em><strong>Hajdari:<\/strong>\u00a0Z.Kaso \u00ebsht\u00eb nj\u00eb person politik dhe nuk mund t\u00eb hyj\u00eb n\u00eb kategorin\u00eb e nj\u00eb personi teknik. M\u00ebnyra se si ata u munduan t\u00eb kamuflonin gjendjen ishte p\u00ebr t\u00eb ardhur keq, gjith\u00ebsesi ne e vler\u00ebsuam faktin q\u00eb erdh\u00ebn. Sjellja e Kasos duhet t\u00eb ishte gjykuar nga Borchardt. Deputet\u00ebt e opozit\u00ebs ishin t\u00eb zhg\u00ebnjyer se Kaso p\u00ebrmendi nj\u00eb komision tjet\u00ebr.<\/em><\/p>\n<p><em><strong>Fino-opozit\u00ebs s\u00eb re<\/strong>: Mos u merrni me bashk\u00ebkryetarin ton\u00eb pasi largoheni pas 2 or\u00ebve!Vini dy or\u00eb v\u00ebrdall\u00eb, shihni lajmet n\u00eb media dhe k\u00ebrkoni largimin e Gjiknurit.<\/em><\/p>\n<p><em><strong>Hajdari-Finos:<\/strong>\u00a0Kur ju th\u00ebrret Rama ju shkoni me nj\u00eb k\u00ebmb\u00eb, edhe ne kishim nj\u00eb mbledhje p\u00ebr t\u00eb marr\u00eb nj\u00eb vendim. Ishim dakord\u00ebsuar q\u00eb Ivi Kaso t\u00eb fliste, por jo t\u00eb minonte k\u00ebt\u00eb proces.<\/em><\/p>\n<p><strong>Opozita e re braktis tryez\u00ebn: Gjeni votat te PD p\u00ebr reform\u00ebn zgjedhore<\/strong><\/p>\n<p><strong>\u00a0<\/strong>Opozita n\u00eb Kuvend braktis reform\u00ebn zgjedhore pas debateve me bashk\u00ebkryetarin e komisionit t\u00eb reform\u00ebs zgjedhore Gjiknuri p\u00ebr largimin e Ivi Kasos t\u00eb PD-s\u00eb.<\/p>\n<p>Rudina Hajdari edhe pse jo me vullnet t\u00eb plot\u00eb iu desh ti n\u00ebnshtrohej presionit t\u00eb koleg\u00ebve p\u00ebr t&#8217;ju bashkuar drejt der\u00ebs.<\/p>\n<p><em><strong>Adriatik Alimadhi:<\/strong><\/em><em>\u00a0I b\u00ebj thirrje Hajdarit dhe Murrizit q\u00eb t\u00eb ikim nga kjo tryez\u00eb meq\u00eb iku dhe PD.<\/em><\/p>\n<p><strong><em>Myslim Murrizi:\u00a0<\/em><\/strong><em>Tentativa p\u00ebr fejes\u00eb p\u00ebr her\u00eb t\u00eb tret\u00eb mes PS dhe PD d\u00ebshtoi s\u00ebrish.<\/em><\/p>\n<p><em><strong>Hajdari:\u00a0<\/strong><\/em><em>Po ta braktisim k\u00ebt\u00eb tryez\u00eb do t\u00eb sillemi si PD dhe do ta thellojm\u00eb kriz\u00ebn. Kjo \u00ebsht\u00eb anija e fundit p\u00ebr zgjidhjen e kriz\u00ebs.<\/em><\/p>\n<p><strong>Nd\u00ebrhyn Boschardt\u00a0<\/strong>p\u00ebr t\u00eb qet\u00ebsuar deputet\u00ebt e opozit\u00ebs s\u00eb re:\u00a0<em>Duhet t\u2019i p\u00ebrmbaheni rendit, do keni mund\u00ebsi t\u00eb shpreheni.<\/em><\/p>\n<p><strong>Murrizi-Gjiknurit:\u00a0<\/strong>Po largohemi nga kjo tryez\u00eb, gjeni votat tek PD p\u00ebr reform\u00ebn zgjedhore.<\/p>\n<p>Debati mes deputet\u00ebve opozitar\u00eb ka vijuar edhe jasht\u00eb sall\u00ebs ku po mbahet konferenca.<\/p>\n<p><strong>Rudina Hajdari d\u00ebgjohet nd\u00ebrsa i thot\u00eb Ralf Gjonit<\/strong>:\u00a0<em>Mos b\u00ebj show politik.<\/em><\/p>","protected":false},"excerpt":{"rendered":"<p>Bashk\u00ebkryetarja e komisionit p\u00ebr reform\u00ebn zgjedhore, Rudina Hajdari, rikthehet n\u00eb tryez\u00ebn e OSBE p\u00ebr reform\u00ebn zgjedhore. Bashk\u00eb me t\u00eb edhe deputet\u00ebt Nimet Musai dhe Ralf Gjoni. Diskutimet vijojn\u00eb. N\u00eb fund t\u00eb tryez\u00ebs pritet q\u00ebndrimi i Gjiknurit dhe Hajdarit. Hajdari:\u00a0Z.Kaso \u00ebsht\u00eb nj\u00eb person politik dhe nuk mund t\u00eb hyj\u00eb n\u00eb kategorin\u00eb e nj\u00eb personi teknik. M\u00ebnyra [&hellip;]<\/p>\n","protected":false},"author":2013,"featured_media":108797,"comment_status":"open","ping_status":"closed","sticky":false,"template":"","format":"standard","meta":{"footnotes":""},"categories":[241,235],"tags":[],"class_list":{"0":"post-108861","1":"post","2":"type-post","3":"status-publish","4":"format-standard","5":"has-post-thumbnail","7":"category-aktualitet","8":"category-vendi"},"_links":{"self":[{"href":"https:\/\/zjarr.tv\/en\/wp-json\/wp\/v2\/posts\/108861","targetHints":{"allow":["GET"]}}],"collection":[{"href":"https:\/\/zjarr.tv\/en\/wp-json\/wp\/v2\/posts"}],"about":[{"href":"https:\/\/zjarr.tv\/en\/wp-json\/wp\/v2\/types\/post"}],"author":[{"embeddable":true,"href":"https:\/\/zjarr.tv\/en\/wp-json\/wp\/v2\/users\/2013"}],"replies":[{"embeddable":true,"href":"https:\/\/zjarr.tv\/en\/wp-json\/wp\/v2\/comments?post=108861"}],"version-history":[{"count":0,"href":"https:\/\/zjarr.tv\/en\/wp-json\/wp\/v2\/posts\/108861\/revisions"}],"wp:featuredmedia":[{"embeddable":true,"href":"https:\/\/zjarr.tv\/en\/wp-json\/wp\/v2\/media\/108797"}],"wp:attachment":[{"href":"https:\/\/zjarr.tv\/en\/wp-json\/wp\/v2\/media?parent=108861"}],"wp:term":[{"taxonomy":"category","embeddable":true,"href":"https:\/\/zjarr.tv\/en\/wp-json\/wp\/v2\/categories?post=108861"},{"taxonomy":"post_tag","embeddable":true,"href":"https:\/\/zjarr.tv\/en\/wp-json\/wp\/v2\/tags?post=108861"}],"curies":[{"name":"wp","href":"https:\/\/api.w.org\/{rel}","templated":true}]}}