{"id":108872,"date":"2019-09-25T13:50:03","date_gmt":"2019-09-25T11:50:03","guid":{"rendered":"https:\/\/zjarr.tv\/?p=108872"},"modified":"2019-09-25T13:50:03","modified_gmt":"2019-09-25T11:50:03","slug":"videomesazh-i-partise-demokratike-edi-rama-genjen-shqiptaret-duke-thene-cdo-vit-se-shqiperise-iu-hapen-negociatat","status":"publish","type":"post","link":"https:\/\/zjarr.tv\/en\/videomesazh-i-partise-demokratike-edi-rama-genjen-shqiptaret-duke-thene-cdo-vit-se-shqiperise-iu-hapen-negociatat\/","title":{"rendered":"Videomesazh i Partis\u00eb Demokratike: Edi Rama g\u00ebnjen shqiptar\u00ebt duke th\u00ebn\u00eb \u00e7do vit se Shqip\u00ebris\u00eb iu hap\u00ebn negociatat."},"content":{"rendered":"<div class=\"readmore-text-here\">\n<p>Partia Demokratike ka publikuar gjat\u00eb dit\u00ebs s\u00eb sotme nj\u00eb video mesazh ku tregon genjeshtrat e nj\u00ebpasnj\u00ebshme t\u00eb kreut t\u00eb qev\u00ebris\u00eb Edi Rama p\u00ebr negociatat m\u00eb Bashkimin Europian<\/p>\n<p><strong>Ja shenimi q\u00eb shoq\u00ebron Videon:<\/strong><\/p>\n<p>Edi Rama g\u00ebnjen shqiptar\u00ebt duke th\u00ebn\u00eb \u00e7do vit se Shqip\u00ebris\u00eb iu hap\u00ebn negociatat.<\/p>\n<div id=\"rekl-13\">\n<div id=\"__sap-ad-15\" class=\"__sap-ads __sap-html tracked\" data-title=\"Credins desktop 08\"><ins><\/p>\n<div id=\"beacon_5ccdb7fd6e\"><img loading=\"lazy\" decoding=\"async\" src=\"https:\/\/ads1.medium.al\/www\/delivery\/lg.php?bannerid=373&amp;campaignid=48&amp;zoneid=182&amp;loc=https%3A%2F%2Fwww.syri.net%2Fpolitike%2F282636%2Fvideomesazh-i-partise-demokratike-edi-rama-genjen-shqiptaret-duke-thene-cdo-vit-se-shqiperise-iu-hapen-negociatat%2F&amp;referer=https%3A%2F%2Fwww.syri.net%2Flajme%2F&amp;cb=5ccdb7fd6e\" alt=\"\" width=\"0\" height=\"0\" \/><\/div>\n<p><\/ins><\/div>\n<\/div>\n<p><iframe loading=\"lazy\" src=\"https:\/\/video.syri.net\/embed\/E5jd8X3KnnMeH5o\" width=\"700\" height=\"400\" frameborder=\"0\" allowfullscreen=\"allowfullscreen\" data-mce-fragment=\"1\"><\/iframe><\/p>\n<\/div>\n<div id=\"rekl-33\"><\/div>\n<p>&nbsp;<\/p>","protected":false},"excerpt":{"rendered":"<p>Partia Demokratike ka publikuar gjat\u00eb dit\u00ebs s\u00eb sotme nj\u00eb video mesazh ku tregon genjeshtrat e nj\u00ebpasnj\u00ebshme t\u00eb kreut t\u00eb qev\u00ebris\u00eb Edi Rama p\u00ebr negociatat m\u00eb Bashkimin Europian Ja shenimi q\u00eb shoq\u00ebron Videon: Edi Rama g\u00ebnjen shqiptar\u00ebt duke th\u00ebn\u00eb \u00e7do vit se Shqip\u00ebris\u00eb iu hap\u00ebn negociatat. &nbsp;<\/p>","protected":false},"author":2013,"featured_media":90568,"comment_status":"open","ping_status":"closed","sticky":false,"template":"","format":"standard","meta":{"footnotes":""},"categories":[241,235],"tags":[],"class_list":{"0":"post-108872","1":"post","2":"type-post","3":"status-publish","4":"format-standard","5":"has-post-thumbnail","7":"category-aktualitet","8":"category-vendi"},"_links":{"self":[{"href":"https:\/\/zjarr.tv\/en\/wp-json\/wp\/v2\/posts\/108872","targetHints":{"allow":["GET"]}}],"collection":[{"href":"https:\/\/zjarr.tv\/en\/wp-json\/wp\/v2\/posts"}],"about":[{"href":"https:\/\/zjarr.tv\/en\/wp-json\/wp\/v2\/types\/post"}],"author":[{"embeddable":true,"href":"https:\/\/zjarr.tv\/en\/wp-json\/wp\/v2\/users\/2013"}],"replies":[{"embeddable":true,"href":"https:\/\/zjarr.tv\/en\/wp-json\/wp\/v2\/comments?post=108872"}],"version-history":[{"count":0,"href":"https:\/\/zjarr.tv\/en\/wp-json\/wp\/v2\/posts\/108872\/revisions"}],"wp:featuredmedia":[{"embeddable":true,"href":"https:\/\/zjarr.tv\/en\/wp-json\/wp\/v2\/media\/90568"}],"wp:attachment":[{"href":"https:\/\/zjarr.tv\/en\/wp-json\/wp\/v2\/media?parent=108872"}],"wp:term":[{"taxonomy":"category","embeddable":true,"href":"https:\/\/zjarr.tv\/en\/wp-json\/wp\/v2\/categories?post=108872"},{"taxonomy":"post_tag","embeddable":true,"href":"https:\/\/zjarr.tv\/en\/wp-json\/wp\/v2\/tags?post=108872"}],"curies":[{"name":"wp","href":"https:\/\/api.w.org\/{rel}","templated":true}]}}