{"id":108875,"date":"2019-09-25T13:50:55","date_gmt":"2019-09-25T11:50:55","guid":{"rendered":"https:\/\/zjarr.tv\/?p=108875"},"modified":"2019-09-25T13:50:55","modified_gmt":"2019-09-25T11:50:55","slug":"rama-takohet-me-vucic-ne-shba-presidenti-serb-ne-tetor-firmosim-shengenin-ballkanik-ja-3-vendet-qe-perfshihen","status":"publish","type":"post","link":"https:\/\/zjarr.tv\/en\/rama-takohet-me-vucic-ne-shba-presidenti-serb-ne-tetor-firmosim-shengenin-ballkanik-ja-3-vendet-qe-perfshihen\/","title":{"rendered":"Rama takohet me Vu\u00e7i\u00e7 n\u00eb SHBA, Presidenti serb: N\u00eb tetor firmosim \u201cShengenin ballkanik\u201d, ja 3 vendet q\u00eb p\u00ebrfshihen"},"content":{"rendered":"<p>Kryeministri Edi Rama \u00ebsht\u00eb takuar n\u00eb SHBA me Presidentin e Serbis\u00eb, Aleksand\u00ebr Vu\u00e7i\u00e7, teksa po marrin pjes\u00eb n\u00eb punimet e Asambles\u00eb s\u00eb P\u00ebrgjithshme t\u00eb OKB.<\/p>\n<p>Lajmin e k\u00ebtij takimi e ka dh\u00ebn\u00eb kreu i shteti serb, i cili ka th\u00ebn\u00eb n\u00eb nj\u00eb intervist\u00eb p\u00ebr mediet e vendit t\u00eb tij se ka diskutuar me Ram\u00ebn dhe kryeministrin e Maqedonis\u00eb s\u00eb Veriut, Zoran Zaev, p\u00ebr heqjen e barrierave p\u00ebr bizneset dhe leht\u00ebsimin e l\u00ebvizjes s\u00eb njer\u00ebzve e sh\u00ebrbimeve.<\/p>\n<p>Mediet serbe raportojn\u00eb se Presidenti serb ka theksuar se \u00ebsht\u00eb diskutuar n\u00eb takim p\u00ebr nj\u00eb \u201cShengen t\u00eb vog\u00ebl\u201d, q\u00eb pritet t\u00eb formohet nga tre shtetet: Serbia, Shqip\u00ebria dhe Maqedonia e Veriut.<\/p>\n<p>Vu\u00e7i\u00e7 tha se nj\u00eb marr\u00ebveshje specifike n\u00eb k\u00ebt\u00eb fush\u00eb do t\u00eb firmoset n\u00eb konferenc\u00ebn e Novi Sadit, m\u00eb 9-10 tetor, ku ai pret t\u00eb jen\u00eb t\u00eb pranish\u00ebm Rama dhe Zaev.<\/p>\n<p>\u201cAjo q\u00eb diskutuam \u00ebsht\u00eb se duam t\u00eb jemi m\u00eb specifik\u00eb. Ne duam t\u00eb krijojm\u00eb lidhje m\u00eb t\u00eb thella politike dhe ekonomike dhe t\u00eb paraqitemi para BE-s\u00eb si nj\u00eb bllok, sesa individualisht\u201d, u tha Vu\u00e7i\u00e7 gazetar\u00ebve.<\/p>\n<p>Kosova nuk p\u00ebrfshihet n\u00eb k\u00ebt\u00eb marr\u00ebveshje dhe i pyetur nga gazetar\u00ebt, Vu\u00e7i\u00e7 u shpreh: \u201c\u00cbsht\u00eb e r\u00ebnd\u00ebsishme p\u00ebr Serbin\u00eb q\u00eb Prishtina t\u00eb p\u00ebrfshihet n\u00eb k\u00ebt\u00eb proces\u201d.<\/p>\n<p>Ideja e t\u00eb ashtuquajturit \u201cShengen ballkanik\u201d qarkullon prej vitesh, por jan\u00eb Kosova dhe Mali i Zi q\u00eb e kund\u00ebrshtojn\u00eb ashp\u00ebr, pasi e konsiderojn\u00eb k\u00ebt\u00eb veprim si nj\u00eb p\u00ebrpjekje p\u00ebr rikthimin e ish-Jugosllavis\u00eb.<\/p>","protected":false},"excerpt":{"rendered":"<p>Kryeministri Edi Rama \u00ebsht\u00eb takuar n\u00eb SHBA me Presidentin e Serbis\u00eb, Aleksand\u00ebr Vu\u00e7i\u00e7, teksa po marrin pjes\u00eb n\u00eb punimet e Asambles\u00eb s\u00eb P\u00ebrgjithshme t\u00eb OKB. Lajmin e k\u00ebtij takimi e ka dh\u00ebn\u00eb kreu i shteti serb, i cili ka th\u00ebn\u00eb n\u00eb nj\u00eb intervist\u00eb p\u00ebr mediet e vendit t\u00eb tij se ka diskutuar me Ram\u00ebn dhe [&hellip;]<\/p>\n","protected":false},"author":2013,"featured_media":108877,"comment_status":"open","ping_status":"closed","sticky":false,"template":"","format":"standard","meta":{"footnotes":""},"categories":[241,235],"tags":[],"class_list":{"0":"post-108875","1":"post","2":"type-post","3":"status-publish","4":"format-standard","5":"has-post-thumbnail","7":"category-aktualitet","8":"category-vendi"},"_links":{"self":[{"href":"https:\/\/zjarr.tv\/en\/wp-json\/wp\/v2\/posts\/108875","targetHints":{"allow":["GET"]}}],"collection":[{"href":"https:\/\/zjarr.tv\/en\/wp-json\/wp\/v2\/posts"}],"about":[{"href":"https:\/\/zjarr.tv\/en\/wp-json\/wp\/v2\/types\/post"}],"author":[{"embeddable":true,"href":"https:\/\/zjarr.tv\/en\/wp-json\/wp\/v2\/users\/2013"}],"replies":[{"embeddable":true,"href":"https:\/\/zjarr.tv\/en\/wp-json\/wp\/v2\/comments?post=108875"}],"version-history":[{"count":0,"href":"https:\/\/zjarr.tv\/en\/wp-json\/wp\/v2\/posts\/108875\/revisions"}],"wp:featuredmedia":[{"embeddable":true,"href":"https:\/\/zjarr.tv\/en\/wp-json\/wp\/v2\/media\/108877"}],"wp:attachment":[{"href":"https:\/\/zjarr.tv\/en\/wp-json\/wp\/v2\/media?parent=108875"}],"wp:term":[{"taxonomy":"category","embeddable":true,"href":"https:\/\/zjarr.tv\/en\/wp-json\/wp\/v2\/categories?post=108875"},{"taxonomy":"post_tag","embeddable":true,"href":"https:\/\/zjarr.tv\/en\/wp-json\/wp\/v2\/tags?post=108875"}],"curies":[{"name":"wp","href":"https:\/\/api.w.org\/{rel}","templated":true}]}}