{"id":108880,"date":"2019-09-25T14:12:48","date_gmt":"2019-09-25T12:12:48","guid":{"rendered":"https:\/\/zjarr.tv\/?p=108880"},"modified":"2019-09-25T14:12:48","modified_gmt":"2019-09-25T12:12:48","slug":"vasili-holanda-thote-jopor-te-pakten-spo-na-shton-kushtet","status":"publish","type":"post","link":"https:\/\/zjarr.tv\/en\/vasili-holanda-thote-jopor-te-pakten-spo-na-shton-kushtet\/","title":{"rendered":"Vasili: Holanda thot\u00eb \u2018Jo\u2019,por t\u00eb pakt\u00ebn s\u2019po na shton kushtet!"},"content":{"rendered":"<p>Holanda duket se nuk ka ndryshuar q\u00ebndrim ndaj Shqip\u00ebris\u00eb sa i takon \u00e7eljes s\u00eb negociatave. N\u00ebnkryetari i LSI, Petrit Vasili ka publikuar kronik\u00ebn e p\u00ebrgatitur nga gazetari Vladimir Lame, sipas t\u00eb cilit Holonda nuk ka rekomanduar \u00e7eljen e negociatave me vendin ton\u00eb.<\/p>\n<div id=\"sovrn\" class=\"desktop_ad ad_bottom_space\"><ins><\/ins><\/p>\n<div id=\"onetag-wrapper-3\" class=\"sovrn-onetag-ad\"><\/div>\n<\/div>\n<p><strong>Postimi i plot\u00eb:<\/strong><\/p>\n<p>Holanda thote Jo,por te pakten s\u2019po na shton kushtet!(VIDEO).<\/p>\n<p>Holanda thote qarte se :<\/p>\n<p>-Shqiperia s\u2019ka permbushur asnje kusht<\/p>\n<p>-Shqiperia perkundrazi ka bere hapa pas<\/p>\n<p>\u2013 Kushtet e 2018 mbeten teresisht te parealizuara<\/p>\n<p>\u2013 S\u2019ka nevoje as qe te mblidhet fare parlamenti holandez per nje vendim per negociatat me Shqiperine,se vlen akoma qendrimi i vitit 2018 ku Holanda shprehej negativisht hapjen e negociatave.<\/p>\n<p>\u2013 Maqedonise i hapen negociatat megjithese ishte vite me pare ishte shume prapa Shqiperise<\/p>\n<p>Shiheni VIDEON dhe gezohuni qe Holanda thote Jo por nuk na shton kushte te tjera.<\/p>\n<p>Kjo kronike eshte pergaditur nga gazetari i mirenjohur i ceshtjeve te BE Vladimir Lame<\/p>\n<div id=\"sticky-video--placeholder\"><\/div>\n<div id=\"sticky-video--close-button\"><\/div>\n<p><iframe loading=\"lazy\" src=\"https:\/\/www.facebook.com\/plugins\/video.php?href=https%3A%2F%2Fwww.facebook.com%2Fpetritvasil%2Fvideos%2F2508161319291541%2F&amp;show_text=0&amp;width=560\" width=\"560\" height=\"315\" frameborder=\"0\" scrolling=\"no\" allowfullscreen=\"allowfullscreen\" data-sticky-video-state=\"ready\" data-mce-fragment=\"1\"><\/iframe><\/p>\n<p>&nbsp;<\/p>","protected":false},"excerpt":{"rendered":"<p>Holanda duket se nuk ka ndryshuar q\u00ebndrim ndaj Shqip\u00ebris\u00eb sa i takon \u00e7eljes s\u00eb negociatave. N\u00ebnkryetari i LSI, Petrit Vasili ka publikuar kronik\u00ebn e p\u00ebrgatitur nga gazetari Vladimir Lame, sipas t\u00eb cilit Holonda nuk ka rekomanduar \u00e7eljen e negociatave me vendin ton\u00eb. Postimi i plot\u00eb: Holanda thote Jo,por te pakten s\u2019po na shton kushtet!(VIDEO). Holanda [&hellip;]<\/p>\n","protected":false},"author":2013,"featured_media":70175,"comment_status":"open","ping_status":"closed","sticky":false,"template":"","format":"standard","meta":{"footnotes":""},"categories":[241,235],"tags":[],"class_list":{"0":"post-108880","1":"post","2":"type-post","3":"status-publish","4":"format-standard","5":"has-post-thumbnail","7":"category-aktualitet","8":"category-vendi"},"_links":{"self":[{"href":"https:\/\/zjarr.tv\/en\/wp-json\/wp\/v2\/posts\/108880","targetHints":{"allow":["GET"]}}],"collection":[{"href":"https:\/\/zjarr.tv\/en\/wp-json\/wp\/v2\/posts"}],"about":[{"href":"https:\/\/zjarr.tv\/en\/wp-json\/wp\/v2\/types\/post"}],"author":[{"embeddable":true,"href":"https:\/\/zjarr.tv\/en\/wp-json\/wp\/v2\/users\/2013"}],"replies":[{"embeddable":true,"href":"https:\/\/zjarr.tv\/en\/wp-json\/wp\/v2\/comments?post=108880"}],"version-history":[{"count":0,"href":"https:\/\/zjarr.tv\/en\/wp-json\/wp\/v2\/posts\/108880\/revisions"}],"wp:featuredmedia":[{"embeddable":true,"href":"https:\/\/zjarr.tv\/en\/wp-json\/wp\/v2\/media\/70175"}],"wp:attachment":[{"href":"https:\/\/zjarr.tv\/en\/wp-json\/wp\/v2\/media?parent=108880"}],"wp:term":[{"taxonomy":"category","embeddable":true,"href":"https:\/\/zjarr.tv\/en\/wp-json\/wp\/v2\/categories?post=108880"},{"taxonomy":"post_tag","embeddable":true,"href":"https:\/\/zjarr.tv\/en\/wp-json\/wp\/v2\/tags?post=108880"}],"curies":[{"name":"wp","href":"https:\/\/api.w.org\/{rel}","templated":true}]}}