{"id":108892,"date":"2019-09-25T15:42:11","date_gmt":"2019-09-25T13:42:11","guid":{"rendered":"https:\/\/zjarr.tv\/?p=108892"},"modified":"2019-09-25T15:42:11","modified_gmt":"2019-09-25T13:42:11","slug":"termetet-90-e-objekteve-te-inspektuara-nuk-kane-probleme-serioze","status":"publish","type":"post","link":"https:\/\/zjarr.tv\/en\/termetet-90-e-objekteve-te-inspektuara-nuk-kane-probleme-serioze\/","title":{"rendered":"T\u00ebrmetet, 90 % e objekteve t\u00eb inspektuara nuk kan\u00eb probleme serioze"},"content":{"rendered":"<p><em>Grupet e inspektimit kan\u00eb zbritur n\u00eb terren \u00a0p\u00ebr t\u00eb kontrolluar d\u00ebmet e shkakatuara nga l\u00ebkundjet e t\u00ebrmetit. Kreu i Institutit t\u00eb Nd\u00ebrtimit b\u00ebri me dije se nga inspektimet e kryera deri m\u00eb tani mbi 90 % e objekteve kan\u00eb rezultuar pa probleme, edhe pse njer\u00ebzit shqet\u00ebsohen p\u00ebr nj\u00eb plasaritje t\u00eb suvas\u00eb. P\u00ebr t\u00eb p\u00ebrballuar situat\u00ebn, Ministrja e Financave \u00a0b\u00ebri me dije se do t\u00eb shtohet fondi \u00a0i emergjenc\u00ebs p\u00ebr d\u00ebmet nga t\u00ebrmeti.<\/em><\/p>\n<p>Pas qet\u00ebsimit t\u00eb tok\u00ebs dhe t\u00eb motit, inxhinier\u00ebt \u00a0kan\u00eb zbritur n\u00eb terren p\u00ebr t\u00eb vler\u00ebsuar d\u00ebmtimin e banesave private dhe institucioneve \u00a0shtet\u00ebrore.<\/p>\n<p>Grupi i inspektimit pasi kontrollit nga af\u00ebr t\u00eb ambienteve t\u00eb \u00a0Fakultetit Ekonomik deklaroi se kushtet e nd\u00ebrtes\u00ebs nuk jan\u00eb t\u00eb rrezikshme dhe \u00a0m\u00ebsimi mund t\u00eb nis\u00eb pa asnj\u00eb problem.<\/p>\n<p>Kreu i Institutit t\u00eb Nd\u00ebrtimit \u00a0u shpreh se nga inspektimet e b\u00ebra s\u00eb fundmi n\u00eb Tiran\u00eb, Elbasan dhe Vor\u00eb \u00a0ka rezultuar se 90% e objekteve nuk kan\u00eb probleme n\u00eb struktur\u00eb dhe nuk p\u00ebrb\u00ebjn\u00eb rrezik p\u00ebr qytetar\u00ebt.<\/p>\n<p><strong>Agron Hysenlliu:<\/strong>\u00a0<em>99% e gopdinave nuk kan\u00eb problematik\u00eb n\u00eb struktur\u00eb, por n\u00eb rifinitur\u00eb. Kjo do t\u00eb thot\u00eb q\u00eb struktura \u00ebsht\u00eb e garantuar.<\/em><\/p>\n<p>Shqet\u00ebsim mbetet fakti se ankesat jan\u00eb b\u00ebr\u00eb dhe p\u00ebr d\u00ebmtime t\u00eb lehta.<\/p>\n<p><strong>Agron Hysenlliu:<\/strong>\u00a0P\u00ebr nj\u00eb vij\u00ebzim q\u00eb mund t\u00eb ket\u00eb nj\u00eb mur t\u00eb mos i nd\u00ebrtohen Institutit t\u00eb Nd\u00ebrtimit. N\u00eb Vor\u00eb n\u00eb momentet e para kishim rreth 100 sht\u00ebpi. Numri i sht\u00ebpive q\u00eb na \u00ebsht\u00eb k\u00ebrkuar p\u00ebr ti par\u00eb ka shkuar n\u00eb 800.<\/p>\n<p>N\u00eb lidhje me d\u00ebmshp\u00ebrblimin e d\u00ebmeve, Ministrja e Financave gjat\u00eb nj\u00eb inspektimi n\u00eb disa biznese n\u00eb Durr\u00ebs premtoi se do t\u00eb shtojn\u00eb fondet \u00a0p\u00ebr rimbursim t\u00eb d\u00ebmeve.<\/p>\n<p><strong>Anila Denaj:<\/strong>\u00a0<em>Ne nga buxheti i shtetit disponojm\u00eb fondet p\u00ebr ta mb\u00ebshtetur pjes\u00ebn e konstatimit t\u00eb d\u00ebmeve me rimbursim.<\/em><\/p>\n<p>Ministrja garantoi se d\u00ebmet e shkaktuara nga t\u00ebrmeti do t\u00eb p\u00ebrballohen nga buxheti i shtetit, i cili disponon fondet e nevojshme.<\/p>","protected":false},"excerpt":{"rendered":"<p>Grupet e inspektimit kan\u00eb zbritur n\u00eb terren \u00a0p\u00ebr t\u00eb kontrolluar d\u00ebmet e shkakatuara nga l\u00ebkundjet e t\u00ebrmetit. Kreu i Institutit t\u00eb Nd\u00ebrtimit b\u00ebri me dije se nga inspektimet e kryera deri m\u00eb tani mbi 90 % e objekteve kan\u00eb rezultuar pa probleme, edhe pse njer\u00ebzit shqet\u00ebsohen p\u00ebr nj\u00eb plasaritje t\u00eb suvas\u00eb. P\u00ebr t\u00eb p\u00ebrballuar situat\u00ebn, [&hellip;]<\/p>\n","protected":false},"author":2013,"featured_media":108946,"comment_status":"open","ping_status":"closed","sticky":false,"template":"","format":"standard","meta":{"footnotes":""},"categories":[241,235],"tags":[],"class_list":{"0":"post-108892","1":"post","2":"type-post","3":"status-publish","4":"format-standard","5":"has-post-thumbnail","7":"category-aktualitet","8":"category-vendi"},"_links":{"self":[{"href":"https:\/\/zjarr.tv\/en\/wp-json\/wp\/v2\/posts\/108892","targetHints":{"allow":["GET"]}}],"collection":[{"href":"https:\/\/zjarr.tv\/en\/wp-json\/wp\/v2\/posts"}],"about":[{"href":"https:\/\/zjarr.tv\/en\/wp-json\/wp\/v2\/types\/post"}],"author":[{"embeddable":true,"href":"https:\/\/zjarr.tv\/en\/wp-json\/wp\/v2\/users\/2013"}],"replies":[{"embeddable":true,"href":"https:\/\/zjarr.tv\/en\/wp-json\/wp\/v2\/comments?post=108892"}],"version-history":[{"count":0,"href":"https:\/\/zjarr.tv\/en\/wp-json\/wp\/v2\/posts\/108892\/revisions"}],"wp:featuredmedia":[{"embeddable":true,"href":"https:\/\/zjarr.tv\/en\/wp-json\/wp\/v2\/media\/108946"}],"wp:attachment":[{"href":"https:\/\/zjarr.tv\/en\/wp-json\/wp\/v2\/media?parent=108892"}],"wp:term":[{"taxonomy":"category","embeddable":true,"href":"https:\/\/zjarr.tv\/en\/wp-json\/wp\/v2\/categories?post=108892"},{"taxonomy":"post_tag","embeddable":true,"href":"https:\/\/zjarr.tv\/en\/wp-json\/wp\/v2\/tags?post=108892"}],"curies":[{"name":"wp","href":"https:\/\/api.w.org\/{rel}","templated":true}]}}