{"id":108899,"date":"2019-09-25T18:00:06","date_gmt":"2019-09-25T16:00:06","guid":{"rendered":"https:\/\/zjarr.tv\/?p=108899"},"modified":"2019-09-25T15:21:52","modified_gmt":"2019-09-25T13:21:52","slug":"thaci-takohet-me-presidentin-amerikan-donald-trump","status":"publish","type":"post","link":"https:\/\/zjarr.tv\/en\/thaci-takohet-me-presidentin-amerikan-donald-trump\/","title":{"rendered":"Tha\u00e7i takohet me presidentin amerikan, Donald Trump"},"content":{"rendered":"<p>Presidenti i Republik\u00ebs s\u00eb Kosov\u00ebs, Hashim Tha\u00e7i, ka marr\u00eb pjes\u00eb n\u00eb pritjen e organizuar nga Presidenti i Shteteve t\u00eb Bashkuara t\u00eb Amerik\u00ebs, n\u00eb kuad\u00ebr t\u00eb Asambles\u00eb s\u00eb P\u00ebrgjithshme t\u00eb Kombeve t\u00eb Bashkuara, ku \u00ebsht\u00eb pritur nga Presidenti Donald Trump dhe Zonja e Par\u00eb, Melania Trump.<\/p>\n<p>N\u00eb k\u00ebt\u00eb takim t\u00eb shkurt\u00ebr me presidentin Trump, presidenti Tha\u00e7i e ka fal\u00ebnderuar at\u00eb p\u00ebr mb\u00ebshtetjen q\u00eb Presidenti i Amerik\u00ebs, populli i Amerik\u00ebs, i kan\u00eb dh\u00ebn\u00eb gjithmon\u00eb popullit dhe shtetit t\u00eb Kosov\u00ebs.<\/p>\n<p>Tha\u00e7i ka theksuar se mb\u00ebshtetja e Shteteve t\u00eb Bashkuara t\u00eb Amerik\u00ebs p\u00ebr popullin e Kosov\u00ebs ka qen\u00eb p\u00ebrcaktuese, fillimisht p\u00ebr mbijetes\u00eb dhe m\u00eb von\u00eb p\u00ebr jet\u00ebsimin e aspirat\u00ebs p\u00ebr liri dhe pavar\u00ebsi.<\/p>\n<p>Kreu i shtetit ka th\u00ebn\u00eb se vazhdimi i mb\u00ebshtetjes gjith\u00ebp\u00ebrfshir\u00ebse amerikane \u00ebsht\u00eb jetik p\u00ebr ruajtjen e paqes dhe stabilitet n\u00eb Ballkanin Per\u00ebndimor dhe n\u00eb mbar\u00eb Evrop\u00ebn.<\/p>","protected":false},"excerpt":{"rendered":"<p>Presidenti i Republik\u00ebs s\u00eb Kosov\u00ebs, Hashim Tha\u00e7i, ka marr\u00eb pjes\u00eb n\u00eb pritjen e organizuar nga Presidenti i Shteteve t\u00eb Bashkuara t\u00eb Amerik\u00ebs, n\u00eb kuad\u00ebr t\u00eb Asambles\u00eb s\u00eb P\u00ebrgjithshme t\u00eb Kombeve t\u00eb Bashkuara, ku \u00ebsht\u00eb pritur nga Presidenti Donald Trump dhe Zonja e Par\u00eb, Melania Trump. N\u00eb k\u00ebt\u00eb takim t\u00eb shkurt\u00ebr me presidentin Trump, presidenti Tha\u00e7i [&hellip;]<\/p>\n","protected":false},"author":2013,"featured_media":108900,"comment_status":"open","ping_status":"closed","sticky":false,"template":"","format":"standard","meta":{"footnotes":""},"categories":[241,2],"tags":[],"class_list":{"0":"post-108899","1":"post","2":"type-post","3":"status-publish","4":"format-standard","5":"has-post-thumbnail","7":"category-aktualitet","8":"category-rajoni"},"_links":{"self":[{"href":"https:\/\/zjarr.tv\/en\/wp-json\/wp\/v2\/posts\/108899","targetHints":{"allow":["GET"]}}],"collection":[{"href":"https:\/\/zjarr.tv\/en\/wp-json\/wp\/v2\/posts"}],"about":[{"href":"https:\/\/zjarr.tv\/en\/wp-json\/wp\/v2\/types\/post"}],"author":[{"embeddable":true,"href":"https:\/\/zjarr.tv\/en\/wp-json\/wp\/v2\/users\/2013"}],"replies":[{"embeddable":true,"href":"https:\/\/zjarr.tv\/en\/wp-json\/wp\/v2\/comments?post=108899"}],"version-history":[{"count":0,"href":"https:\/\/zjarr.tv\/en\/wp-json\/wp\/v2\/posts\/108899\/revisions"}],"wp:featuredmedia":[{"embeddable":true,"href":"https:\/\/zjarr.tv\/en\/wp-json\/wp\/v2\/media\/108900"}],"wp:attachment":[{"href":"https:\/\/zjarr.tv\/en\/wp-json\/wp\/v2\/media?parent=108899"}],"wp:term":[{"taxonomy":"category","embeddable":true,"href":"https:\/\/zjarr.tv\/en\/wp-json\/wp\/v2\/categories?post=108899"},{"taxonomy":"post_tag","embeddable":true,"href":"https:\/\/zjarr.tv\/en\/wp-json\/wp\/v2\/tags?post=108899"}],"curies":[{"name":"wp","href":"https:\/\/api.w.org\/{rel}","templated":true}]}}