{"id":108995,"date":"2019-09-25T17:18:31","date_gmt":"2019-09-25T15:18:31","guid":{"rendered":"https:\/\/zjarr.tv\/?p=108995"},"modified":"2019-09-25T17:18:31","modified_gmt":"2019-09-25T15:18:31","slug":"cakaj-ne-takimin-e-seecp-ne-nju-jork-shqiperia-do-vazhdoje-te-jape-kontributin-e-saj-te-pakursyer","status":"publish","type":"post","link":"https:\/\/zjarr.tv\/en\/cakaj-ne-takimin-e-seecp-ne-nju-jork-shqiperia-do-vazhdoje-te-jape-kontributin-e-saj-te-pakursyer\/","title":{"rendered":"Cakaj n\u00eb takimin e SEECP n\u00eb Nju Jork: Shqip\u00ebria do vazhdoj\u00eb t\u00eb jap\u00eb kontributin e saj t\u00eb pakursyer"},"content":{"rendered":"<p>Ministri n\u00eb Detyr\u00eb p\u00ebr Evrop\u00ebn dhe Pun\u00ebt e Jashtme, Gent Cakaj, merr pjes\u00eb n\u00eb takimin joformal t\u00eb ministrave t\u00eb jasht\u00ebm t\u00eb vendeve pjes\u00ebmarr\u00ebse n\u00eb Procesin e Bashk\u00ebpunimit t\u00eb Evrop\u00ebs Juglindore (SEECP), i cili po zhvillohet n\u00eb Nju Jork n\u00eb margjinat e Asambles\u00eb s\u00eb P\u00ebrgjithshme t\u00eb Kombeve t\u00eb Bashkuara.<\/p>\n<p>Gjat\u00eb takimit, si kryesuesja e radh\u00ebs s\u00eb k\u00ebtij procesi, Republika e Kosov\u00ebs ka p\u00ebrcaktuar tre prioritetet kryesore n\u00eb kuad\u00ebr t\u00eb Kryesis\u00eb s\u00eb SEECP-s\u00eb: nd\u00ebrlidhjen, rinin\u00eb dhe kultur\u00ebn, t\u00eb lidhura ngusht\u00eb edhe me procesin e integrimit evropian t\u00eb Ballkanit Per\u00ebndimor.<\/p>\n<p>N\u00ebp\u00ebrmjet nj\u00eb statusi n\u00eb Facebook, Ministri n\u00eb Deryr\u00eb Cakaj \u00ebsht\u00eb shprehur se p\u00ebrve\u00e7 vler\u00ebs s\u00eb posa\u00e7me q\u00eb ofron Republika e Kosov\u00ebs si kryesuese e SEECP, ajo po d\u00ebshmon fuqimisht kapacitetin e saj t\u00eb veprimit rajonal dhe besueshm\u00ebrin\u00eb e saj nd\u00ebrkomb\u00ebtare n\u00eb p\u00ebrgjith\u00ebsi.<\/p>\n<p>\u201cShqip\u00ebria e nd\u00ebrton politik\u00ebn e saj rajonale mbi parimet e fqinj\u00ebsis\u00eb s\u00eb mir\u00eb dhe bashk\u00ebpunimit frytdh\u00ebn\u00ebs. N\u00eb k\u00ebt\u00eb kuptim, Shqip\u00ebria do t\u00eb vazhdoj\u00eb t\u00eb jap\u00eb kontributin e saj t\u00eb pakursyer edhe n\u00eb kuad\u00ebr t\u00eb nism\u00ebs s\u00eb Procesit t\u00eb Bashk\u00ebpunimit t\u00eb Evrop\u00ebs Juglindore.\u201d- shkruan Cakaj n\u00eb statusin e tij n\u00eb Facebook.<\/p>","protected":false},"excerpt":{"rendered":"<p>Ministri n\u00eb Detyr\u00eb p\u00ebr Evrop\u00ebn dhe Pun\u00ebt e Jashtme, Gent Cakaj, merr pjes\u00eb n\u00eb takimin joformal t\u00eb ministrave t\u00eb jasht\u00ebm t\u00eb vendeve pjes\u00ebmarr\u00ebse n\u00eb Procesin e Bashk\u00ebpunimit t\u00eb Evrop\u00ebs Juglindore (SEECP), i cili po zhvillohet n\u00eb Nju Jork n\u00eb margjinat e Asambles\u00eb s\u00eb P\u00ebrgjithshme t\u00eb Kombeve t\u00eb Bashkuara. Gjat\u00eb takimit, si kryesuesja e radh\u00ebs s\u00eb [&hellip;]<\/p>\n","protected":false},"author":2013,"featured_media":108996,"comment_status":"open","ping_status":"closed","sticky":false,"template":"","format":"standard","meta":{"footnotes":""},"categories":[241,235],"tags":[],"class_list":{"0":"post-108995","1":"post","2":"type-post","3":"status-publish","4":"format-standard","5":"has-post-thumbnail","7":"category-aktualitet","8":"category-vendi"},"_links":{"self":[{"href":"https:\/\/zjarr.tv\/en\/wp-json\/wp\/v2\/posts\/108995","targetHints":{"allow":["GET"]}}],"collection":[{"href":"https:\/\/zjarr.tv\/en\/wp-json\/wp\/v2\/posts"}],"about":[{"href":"https:\/\/zjarr.tv\/en\/wp-json\/wp\/v2\/types\/post"}],"author":[{"embeddable":true,"href":"https:\/\/zjarr.tv\/en\/wp-json\/wp\/v2\/users\/2013"}],"replies":[{"embeddable":true,"href":"https:\/\/zjarr.tv\/en\/wp-json\/wp\/v2\/comments?post=108995"}],"version-history":[{"count":0,"href":"https:\/\/zjarr.tv\/en\/wp-json\/wp\/v2\/posts\/108995\/revisions"}],"wp:featuredmedia":[{"embeddable":true,"href":"https:\/\/zjarr.tv\/en\/wp-json\/wp\/v2\/media\/108996"}],"wp:attachment":[{"href":"https:\/\/zjarr.tv\/en\/wp-json\/wp\/v2\/media?parent=108995"}],"wp:term":[{"taxonomy":"category","embeddable":true,"href":"https:\/\/zjarr.tv\/en\/wp-json\/wp\/v2\/categories?post=108995"},{"taxonomy":"post_tag","embeddable":true,"href":"https:\/\/zjarr.tv\/en\/wp-json\/wp\/v2\/tags?post=108995"}],"curies":[{"name":"wp","href":"https:\/\/api.w.org\/{rel}","templated":true}]}}