{"id":109398,"date":"2019-09-29T14:44:41","date_gmt":"2019-09-29T12:44:41","guid":{"rendered":"https:\/\/zjarr.tv\/?p=109398"},"modified":"2019-09-29T14:44:41","modified_gmt":"2019-09-29T12:44:41","slug":"berisha-publikon-foton-me-edvin-mafine-nuk-ka-negociata-ka-vetem-shtim-te-kushteve","status":"publish","type":"post","link":"https:\/\/zjarr.tv\/en\/berisha-publikon-foton-me-edvin-mafine-nuk-ka-negociata-ka-vetem-shtim-te-kushteve\/","title":{"rendered":"Berisha publikon foton: Me Edvin Mafin\u00eb nuk ka negociata, ka vet\u00ebm shtim t\u00eb kushteve"},"content":{"rendered":"<p>Ish kryeministri Berisha ka b\u00ebr\u00eb nj\u00eb komenet pas publikimit t\u00eb nj\u00eb punimi t\u00eb karikaturistit t\u00eb njohur Bujar Kapexhiu q\u00eb b\u00ebnte fjal\u00eb p\u00ebr kushtet e reja q\u00eb Gjermania i ka v\u00ebn\u00eb Shqip\u00ebris\u00eb p\u00ebr hapjen e negociatave.<\/p>\n<p>\u201cAto ishin 5 n\u00eb 2016, u b\u00ebn\u00eb 7 ne 2018, u b\u00ebn\u00eb 9 n\u00eb 2019, vitin e ardhsh\u00ebm po nuk e flak\u00ebm do b\u00ebhen 12 sepse Edvini i verbuar p\u00ebr pushtet jo vet\u00ebm q\u00eb nuk plot\u00ebson asnj\u00eb kusht por p\u00ebrkundrazi shkat\u00ebrron dhe standartet e arritura\u201d, shkruan Berisha duke publikuar bashk\u00eb me shenimin e tij edhe karikatur\u00ebn e Kapexhiut n\u00eb faqen e tij n\u00eb fecbook.<\/p>\n<div class=\"in-artile-read-more\"><\/div>\n<p>Ja postimi i plot\u00eb i ish Kryeministrit:<\/p>\n<div id=\"rekl-13\">\n<div id=\"__sap-ad-15\" class=\"__sap-ads __sap-html tracked\" data-title=\"Credins desktop 08\"><ins><\/p>\n<div id=\"beacon_d0c83870d7\"><\/div>\n<p><\/ins><\/div>\n<\/div>\n<p>Me Edvin Mafin\u00eb nuk ka negociata, nuk ka integrim, ka vet\u00ebm shtim t\u00eb kushteve vit p\u00ebr vit. Ato ishin 5 n\u00eb 2016, u b\u00ebn\u00eb 7 ne 2018, u b\u00ebn\u00eb 9 n\u00eb 2019, vitin e ardhsh\u00ebm po nuk e flak\u00ebm do b\u00ebhen 12 sepse Edvini i verbuar p\u00ebr pushtet jo vet\u00ebm q\u00eb nuk plot\u00ebson asnj\u00eb kusht por p\u00ebrkundrazi shkat\u00ebrron dhe standartet e arritura. sb<\/p>\n<p><img decoding=\"async\" src=\"https:\/\/www.syri.net\/uploads\/syri.net\/images\/2019\/September\/29\/auto_berisha_fcb1569748243.png\" alt=\"Image\" \/><\/p>","protected":false},"excerpt":{"rendered":"<p>Ish kryeministri Berisha ka b\u00ebr\u00eb nj\u00eb komenet pas publikimit t\u00eb nj\u00eb punimi t\u00eb karikaturistit t\u00eb njohur Bujar Kapexhiu q\u00eb b\u00ebnte fjal\u00eb p\u00ebr kushtet e reja q\u00eb Gjermania i ka v\u00ebn\u00eb Shqip\u00ebris\u00eb p\u00ebr hapjen e negociatave. \u201cAto ishin 5 n\u00eb 2016, u b\u00ebn\u00eb 7 ne 2018, u b\u00ebn\u00eb 9 n\u00eb 2019, vitin e ardhsh\u00ebm po nuk [&hellip;]<\/p>\n","protected":false},"author":2013,"featured_media":0,"comment_status":"open","ping_status":"closed","sticky":false,"template":"","format":"standard","meta":{"footnotes":""},"categories":[241,235],"tags":[],"class_list":{"0":"post-109398","1":"post","2":"type-post","3":"status-publish","4":"format-standard","6":"category-aktualitet","7":"category-vendi"},"_links":{"self":[{"href":"https:\/\/zjarr.tv\/en\/wp-json\/wp\/v2\/posts\/109398","targetHints":{"allow":["GET"]}}],"collection":[{"href":"https:\/\/zjarr.tv\/en\/wp-json\/wp\/v2\/posts"}],"about":[{"href":"https:\/\/zjarr.tv\/en\/wp-json\/wp\/v2\/types\/post"}],"author":[{"embeddable":true,"href":"https:\/\/zjarr.tv\/en\/wp-json\/wp\/v2\/users\/2013"}],"replies":[{"embeddable":true,"href":"https:\/\/zjarr.tv\/en\/wp-json\/wp\/v2\/comments?post=109398"}],"version-history":[{"count":0,"href":"https:\/\/zjarr.tv\/en\/wp-json\/wp\/v2\/posts\/109398\/revisions"}],"wp:attachment":[{"href":"https:\/\/zjarr.tv\/en\/wp-json\/wp\/v2\/media?parent=109398"}],"wp:term":[{"taxonomy":"category","embeddable":true,"href":"https:\/\/zjarr.tv\/en\/wp-json\/wp\/v2\/categories?post=109398"},{"taxonomy":"post_tag","embeddable":true,"href":"https:\/\/zjarr.tv\/en\/wp-json\/wp\/v2\/tags?post=109398"}],"curies":[{"name":"wp","href":"https:\/\/api.w.org\/{rel}","templated":true}]}}