{"id":109423,"date":"2019-09-29T17:49:59","date_gmt":"2019-09-29T15:49:59","guid":{"rendered":"https:\/\/zjarr.tv\/?p=109423"},"modified":"2019-09-29T17:49:59","modified_gmt":"2019-09-29T15:49:59","slug":"dy-emigrante-shqiptare-habisin-italianet-restaurojne-falas-kishen","status":"publish","type":"post","link":"https:\/\/zjarr.tv\/en\/dy-emigrante-shqiptare-habisin-italianet-restaurojne-falas-kishen\/","title":{"rendered":"Dy emigrant\u00eb shqiptar\u00eb habisin italian\u00ebt, restaurojn\u00eb falas kish\u00ebn"},"content":{"rendered":"<p>Dy emigrant\u00eb shqiptar\u00eb kan\u00eb t\u00ebrhequr v\u00ebmendjen e mediave italiane, pasi vullnetarisht kane vendosur q\u00eb t\u00eb restaurojn\u00eb nj\u00eb kish\u00eb n\u00eb Pratola Peligna n\u00eb Itali.<\/p>\n<p>Ata nuk jan\u00eb t\u00eb krishter\u00eb, por nga e premtja n\u00eb m\u00ebngjes Luan Hallulli dhe Arbert Mu\u00e7a shkojn\u00eb n\u00eb pun\u00eb p\u00ebr t\u00eb ristrukturuar pjes\u00ebn e t\u00eb brendshme t\u00eb kish\u00ebs s\u00eb San Rocco dhe k\u00ebt\u00eb e b\u00ebjn\u00eb falas.<\/p>\n<p><em>&#8220;Ne do t\u00eb kujdesemi p\u00ebr t\u00eb. Zoti \u00ebsht\u00eb nj\u00eb dhe ai do t\u00eb jet\u00eb i lumtur t\u00eb shoh\u00eb sht\u00ebpin\u00eb e tij m\u00eb t\u00eb bukur dhe mikprit\u00ebse&#8221;,<\/em>\u00a0jan\u00eb shprehur dy emigrant\u00ebt shqiptar\u00eb.<\/p>\n<p><em>&#8220;Gjith\u00e7ka ishte e shkat\u00ebrruar, plot me vrima n\u00eb mure dhe rr\u00ebnoja n\u00eb \u00e7do cep<\/em>&#8220;, thot\u00eb Luani.<\/p>\n<p><em>&#8220;Zonja q\u00eb kujdeset p\u00ebr kish\u00ebn e lumtur na tha: Zoti ju bekoft\u00eb, askush nuk e kishte b\u00ebr\u00eb ndonj\u00ebher\u00eb di\u00e7ka t\u00eb till\u00eb p\u00ebr kish\u00ebn&#8221;,<\/em>\u00a0\u00ebsht\u00eb shprehur ai.<\/p>\n<p>Si Luani ashtu dhe Alberti nuk e fsheh\u00ebn besimin e tyre mysliman. Ata thon\u00eb se<em>\u00a0\u201cmegjithat\u00eb ne jemi f\u00ebmij\u00eb t\u00eb zotit nuk ka asgj\u00eb p\u00ebr t\u00eb qen\u00eb katolik, ortodoks apo mysliman, ne besojm\u00eb vet\u00ebm n\u00eb nj\u00eb zot dhe ai \u00ebsht\u00eb ai q\u00eb na drejton n\u00eb at\u00eb q\u00eb b\u00ebjm\u00eb \u201c.<\/em><\/p>\n<p>Kujdestarja e kish\u00ebs s\u00eb San Rocco, Liliana Cavalieri ishte shum\u00eb e impresionuar nga gjesti i dy shqiptar\u00ebve.<\/p>","protected":false},"excerpt":{"rendered":"<p>Dy emigrant\u00eb shqiptar\u00eb kan\u00eb t\u00ebrhequr v\u00ebmendjen e mediave italiane, pasi vullnetarisht kane vendosur q\u00eb t\u00eb restaurojn\u00eb nj\u00eb kish\u00eb n\u00eb Pratola Peligna n\u00eb Itali. Ata nuk jan\u00eb t\u00eb krishter\u00eb, por nga e premtja n\u00eb m\u00ebngjes Luan Hallulli dhe Arbert Mu\u00e7a shkojn\u00eb n\u00eb pun\u00eb p\u00ebr t\u00eb ristrukturuar pjes\u00ebn e t\u00eb brendshme t\u00eb kish\u00ebs s\u00eb San Rocco dhe [&hellip;]<\/p>\n","protected":false},"author":2013,"featured_media":0,"comment_status":"open","ping_status":"closed","sticky":false,"template":"","format":"standard","meta":{"footnotes":""},"categories":[241,235],"tags":[],"class_list":{"0":"post-109423","1":"post","2":"type-post","3":"status-publish","4":"format-standard","6":"category-aktualitet","7":"category-vendi"},"_links":{"self":[{"href":"https:\/\/zjarr.tv\/en\/wp-json\/wp\/v2\/posts\/109423","targetHints":{"allow":["GET"]}}],"collection":[{"href":"https:\/\/zjarr.tv\/en\/wp-json\/wp\/v2\/posts"}],"about":[{"href":"https:\/\/zjarr.tv\/en\/wp-json\/wp\/v2\/types\/post"}],"author":[{"embeddable":true,"href":"https:\/\/zjarr.tv\/en\/wp-json\/wp\/v2\/users\/2013"}],"replies":[{"embeddable":true,"href":"https:\/\/zjarr.tv\/en\/wp-json\/wp\/v2\/comments?post=109423"}],"version-history":[{"count":0,"href":"https:\/\/zjarr.tv\/en\/wp-json\/wp\/v2\/posts\/109423\/revisions"}],"wp:attachment":[{"href":"https:\/\/zjarr.tv\/en\/wp-json\/wp\/v2\/media?parent=109423"}],"wp:term":[{"taxonomy":"category","embeddable":true,"href":"https:\/\/zjarr.tv\/en\/wp-json\/wp\/v2\/categories?post=109423"},{"taxonomy":"post_tag","embeddable":true,"href":"https:\/\/zjarr.tv\/en\/wp-json\/wp\/v2\/tags?post=109423"}],"curies":[{"name":"wp","href":"https:\/\/api.w.org\/{rel}","templated":true}]}}